{"id":3222,"date":"2024-03-01T17:42:52","date_gmt":"2024-03-01T16:42:52","guid":{"rendered":"https:\/\/agora.xtec.cat\/escguillemisarn\/?p=3222"},"modified":"2024-03-11T09:32:55","modified_gmt":"2024-03-11T08:32:55","slug":"jornada-dacollida-a-linstitut","status":"publish","type":"post","link":"https:\/\/agora.xtec.cat\/escguillemisarn\/general\/jornada-dacollida-a-linstitut\/","title":{"rendered":"Jornada d&#8217;acollida a l&#8217;Institut!"},"content":{"rendered":"<p>El passat dijous 29 de febrer l&#8217;alumnat de 6\u00e8 van participar en la jornada d\u2019acollida de l\u2019Institut Ermengol IV de Bellcaire.<\/p>\n<p>All\u00e0, primer, ens van rebre amb un esmorzar. Despr\u00e9s, el director ens va fer una xerrada informativa sobre com era l&#8217;institut i com seria 1r d&#8217;ESO. Finalment, vam descobrir les diferents aules i espais de l&#8217;institut fent diverses activitats i din\u00e0miques molt innovadores.<\/p>\n<p>El que m\u00e9s els va cridar l\u2019atenci\u00f3 va ser l\u2019aula de tecnologia, on els alumnes de l\u2019Institut els van mostrar les diferents produccions que realitzaran al llarg de tota la secund\u00e0ria i tamb\u00e9 el laboratori on van realitzar diferents experiments cient\u00edfics.<\/p>\n<p>Va ser una jornada plena d\u2019emocions, on a m\u00e9s de visitar les instal\u00b7lacions, van recon\u00e8ixer i fer molts amics d\u2019altres escoles amb els quals compartiran una nova etapa.<\/p>\n<p>D&#8217;aqu\u00ed pocs mesos ens retrobem, institut!<\/p>\n<p>&nbsp;<\/p>\n<p style=\"text-align: center;\">Imatges: <a href=\"https:\/\/photos.app.goo.gl\/PywV679gjF4pSD8u5\">https:\/\/photos.app.goo.gl\/PywV679gjF4pSD8u5<\/a><\/p>\n","protected":false},"excerpt":{"rendered":"<p>El passat dijous 29 de febrer l&#8217;alumnat de 6\u00e8 van participar en la jornada d\u2019acollida de l\u2019Institut Ermengol IV de Bellcaire.<br \/>\nAll\u00e0, primer, ens van rebre amb un esmorzar. Despr\u00e9s, el director ens va fer una xerrada informativa sobre com era l&#8217;institut i com seria 1r&hellip;  <a href=\"https:\/\/agora.xtec.cat\/escguillemisarn\/general\/jornada-dacollida-a-linstitut\/\" title=\"Read Jornada d&#8217;acollida a l&#8217;Institut!\">Llegeix m\u00e9s\u00bb<\/a><\/p>\n","protected":false},"author":36,"featured_media":0,"comment_status":"open","ping_status":"closed","sticky":false,"template":"","format":"standard","meta":{"_bbp_topic_count":0,"_bbp_reply_count":0,"_bbp_total_topic_count":0,"_bbp_total_reply_count":0,"_bbp_voice_count":0,"_bbp_anonymous_reply_count":0,"_bbp_topic_count_hidden":0,"_bbp_reply_count_hidden":0,"_bbp_forum_subforum_count":0,"footnotes":""},"categories":[73,1,5],"tags":[],"class_list":["post-3222","post","type-post","status-publish","format-standard","hentry","category-cs","category-general","category-primaria"],"post_mailing_queue_ids":[],"_links":{"self":[{"href":"https:\/\/agora.xtec.cat\/escguillemisarn\/wp-json\/wp\/v2\/posts\/3222","targetHints":{"allow":["GET"]}}],"collection":[{"href":"https:\/\/agora.xtec.cat\/escguillemisarn\/wp-json\/wp\/v2\/posts"}],"about":[{"href":"https:\/\/agora.xtec.cat\/escguillemisarn\/wp-json\/wp\/v2\/types\/post"}],"author":[{"embeddable":true,"href":"https:\/\/agora.xtec.cat\/escguillemisarn\/wp-json\/wp\/v2\/users\/36"}],"replies":[{"embeddable":true,"href":"https:\/\/agora.xtec.cat\/escguillemisarn\/wp-json\/wp\/v2\/comments?post=3222"}],"version-history":[{"count":1,"href":"https:\/\/agora.xtec.cat\/escguillemisarn\/wp-json\/wp\/v2\/posts\/3222\/revisions"}],"predecessor-version":[{"id":3223,"href":"https:\/\/agora.xtec.cat\/escguillemisarn\/wp-json\/wp\/v2\/posts\/3222\/revisions\/3223"}],"wp:attachment":[{"href":"https:\/\/agora.xtec.cat\/escguillemisarn\/wp-json\/wp\/v2\/media?parent=3222"}],"wp:term":[{"taxonomy":"category","embeddable":true,"href":"https:\/\/agora.xtec.cat\/escguillemisarn\/wp-json\/wp\/v2\/categories?post=3222"},{"taxonomy":"post_tag","embeddable":true,"href":"https:\/\/agora.xtec.cat\/escguillemisarn\/wp-json\/wp\/v2\/tags?post=3222"}],"curies":[{"name":"wp","href":"https:\/\/api.w.org\/{rel}","templated":true}]}}