{"id":3219,"date":"2024-03-13T11:42:24","date_gmt":"2024-03-13T10:42:24","guid":{"rendered":"https:\/\/agora.xtec.cat\/escguillemisarn\/?p=3219"},"modified":"2024-03-13T11:51:37","modified_gmt":"2024-03-13T10:51:37","slug":"la-bioeconomia-circular","status":"publish","type":"post","link":"https:\/\/agora.xtec.cat\/escguillemisarn\/general\/la-bioeconomia-circular\/","title":{"rendered":"LA BIOECONOMIA CIRCULAR"},"content":{"rendered":"<p><a href=\"https:\/\/agora.xtec.cat\/escguillemisarn\/wp-content\/uploads\/usu1631\/2024\/03\/Screenshot_20240313_114927_Gallery.jpg\"><img loading=\"lazy\" decoding=\"async\" class=\"alignnone size-large wp-image-3288\" src=\"https:\/\/agora.xtec.cat\/escguillemisarn\/wp-content\/uploads\/usu1631\/2024\/03\/Screenshot_20240313_114927_Gallery-1024x737.jpg\" alt=\"\" width=\"1024\" height=\"737\" srcset=\"https:\/\/agora.xtec.cat\/escguillemisarn\/wp-content\/uploads\/usu1631\/2024\/03\/Screenshot_20240313_114927_Gallery-1024x737.jpg 1024w, https:\/\/agora.xtec.cat\/escguillemisarn\/wp-content\/uploads\/usu1631\/2024\/03\/Screenshot_20240313_114927_Gallery-300x216.jpg 300w, https:\/\/agora.xtec.cat\/escguillemisarn\/wp-content\/uploads\/usu1631\/2024\/03\/Screenshot_20240313_114927_Gallery-768x553.jpg 768w, https:\/\/agora.xtec.cat\/escguillemisarn\/wp-content\/uploads\/usu1631\/2024\/03\/Screenshot_20240313_114927_Gallery.jpg 1080w\" sizes=\"auto, (max-width: 1024px) 100vw, 1024px\" \/><\/a><\/p>\n<p>Aquest segon trimestre l&#8217;alumnat de Cicle Superior ens hem endinsat en el m\u00f3n de la BIOECONOMIA CIRCULAR.<\/p>\n<p>En el marc de la II Setmana de la transformaci\u00f3 econ\u00f2mica de les Terres de Lleida, Pirineu i Aran, impulsada pel Departament d&#8217;Acci\u00f3 Clim\u00e0tica, Educaci\u00f3 i el Biohub, aquesta forma part d&#8217;un seguit d&#8217;activitats a nivell europeu promogudes pel Bioeconomy Changemakers Festival 2024, que organitza la Comissi\u00f3 Europea.<\/p>\n<p>La primera activitat que hem fet ha estat un Taller d&#8217;Iniciaci\u00f3 a la Bioeconomia a c\u00e0rrec de l&#8217;Ester, amb qui hem conegut de primera m\u00e0 de qu\u00e8 es tracta la bioeconomia circular i l&#8217;aprofitament de recursos.<\/p>\n<p>Seguidament, hem participat en el Concurs &#8220;Transformacions Escolars: Munta&#8217;t la teva Pel\u00b7l\u00edcula&#8221;, amb la creaci\u00f3 d&#8217;un telenot\u00edcies en el qual nosaltres ens fic\u00e0vem a la pell de periodistes i col\u00b7laboradors per explicar la import\u00e0ncia d&#8217;aquest moviment.<\/p>\n<p>Finalment, avui hem anat a la\u00a0Gala d&#8217;Entrega de Premis Transformaci\u00f3 Econ\u00f2mica, a la Llotja de Lleida, on hem realitzat un seguit d&#8217;activitats relacionades amb el tema i hem gaudit de l&#8217;acte d&#8217;entrega dels premis juntament amb alumnes de les altres escoles que hi han participat.<\/p>\n<p>Tot plegat ens ha ajudat a prendre consci\u00e8ncia sobre la import\u00e0ncia de la implicaci\u00f3 de les persones en la bioeconomia circular per a un desenvolupament sostenible davant d&#8217;un planeta amena\u00e7at pel canvi clim\u00e0tic.<\/p>\n<p>&nbsp;<\/p>\n<p>Aqu\u00ed us en deixem un recull fotogr\u00e0fic:<\/p>\n<p><a href=\"https:\/\/photos.app.goo.gl\/AfDUBLBacNgWfPV78\">https:\/\/photos.app.goo.gl\/AfDUBLBacNgWfPV78<\/a><\/p>\n","protected":false},"excerpt":{"rendered":"<p><a href=\"https:\/\/agora.xtec.cat\/escguillemisarn\/wp-content\/uploads\/usu1631\/2024\/03\/Screenshot_20240313_114927_Gallery.jpg\"><\/a><br \/>\nAquest segon trimestre l&#8217;alumnat de Cicle Superior ens hem endinsat en el m\u00f3n de la BIOECONOMIA CIRCULAR.<br \/>\nEn el marc de la II Setmana de la transformaci\u00f3 econ\u00f2mica de les Terres de Lleida, Pirineu i Aran, impulsada pel Departament d&#8217;Acci\u00f3 Clim\u00e0tica, Educaci\u00f3 i el Biohub,&hellip;  <a href=\"https:\/\/agora.xtec.cat\/escguillemisarn\/general\/la-bioeconomia-circular\/\" title=\"Read LA BIOECONOMIA CIRCULAR\">Llegeix m\u00e9s\u00bb<\/a><\/p>\n","protected":false},"author":7,"featured_media":3284,"comment_status":"open","ping_status":"closed","sticky":false,"template":"","format":"standard","meta":{"_bbp_topic_count":0,"_bbp_reply_count":0,"_bbp_total_topic_count":0,"_bbp_total_reply_count":0,"_bbp_voice_count":0,"_bbp_anonymous_reply_count":0,"_bbp_topic_count_hidden":0,"_bbp_reply_count_hidden":0,"_bbp_forum_subforum_count":0,"footnotes":""},"categories":[73,77,1,4,5],"tags":[],"class_list":["post-3219","post","type-post","status-publish","format-standard","has-post-thumbnail","hentry","category-cs","category-escola-verda","category-general","category-portada","category-primaria"],"post_mailing_queue_ids":[],"_links":{"self":[{"href":"https:\/\/agora.xtec.cat\/escguillemisarn\/wp-json\/wp\/v2\/posts\/3219","targetHints":{"allow":["GET"]}}],"collection":[{"href":"https:\/\/agora.xtec.cat\/escguillemisarn\/wp-json\/wp\/v2\/posts"}],"about":[{"href":"https:\/\/agora.xtec.cat\/escguillemisarn\/wp-json\/wp\/v2\/types\/post"}],"author":[{"embeddable":true,"href":"https:\/\/agora.xtec.cat\/escguillemisarn\/wp-json\/wp\/v2\/users\/7"}],"replies":[{"embeddable":true,"href":"https:\/\/agora.xtec.cat\/escguillemisarn\/wp-json\/wp\/v2\/comments?post=3219"}],"version-history":[{"count":4,"href":"https:\/\/agora.xtec.cat\/escguillemisarn\/wp-json\/wp\/v2\/posts\/3219\/revisions"}],"predecessor-version":[{"id":3289,"href":"https:\/\/agora.xtec.cat\/escguillemisarn\/wp-json\/wp\/v2\/posts\/3219\/revisions\/3289"}],"wp:featuredmedia":[{"embeddable":true,"href":"https:\/\/agora.xtec.cat\/escguillemisarn\/wp-json\/wp\/v2\/media\/3284"}],"wp:attachment":[{"href":"https:\/\/agora.xtec.cat\/escguillemisarn\/wp-json\/wp\/v2\/media?parent=3219"}],"wp:term":[{"taxonomy":"category","embeddable":true,"href":"https:\/\/agora.xtec.cat\/escguillemisarn\/wp-json\/wp\/v2\/categories?post=3219"},{"taxonomy":"post_tag","embeddable":true,"href":"https:\/\/agora.xtec.cat\/escguillemisarn\/wp-json\/wp\/v2\/tags?post=3219"}],"curies":[{"name":"wp","href":"https:\/\/api.w.org\/{rel}","templated":true}]}}