{"id":3214,"date":"2024-02-23T17:47:35","date_gmt":"2024-02-23T16:47:35","guid":{"rendered":"https:\/\/agora.xtec.cat\/escguillemisarn\/?p=3214"},"modified":"2024-02-23T17:47:35","modified_gmt":"2024-02-23T16:47:35","slug":"que-pots-dir-de-mi","status":"publish","type":"post","link":"https:\/\/agora.xtec.cat\/escguillemisarn\/general\/que-pots-dir-de-mi\/","title":{"rendered":"QU\u00c8 POTS DIR DE MI?"},"content":{"rendered":"<p><a href=\"https:\/\/agora.xtec.cat\/escguillemisarn\/wp-content\/uploads\/usu1631\/2024\/02\/El-gran-poder-del-reforc-positiu.jpg\"><img loading=\"lazy\" decoding=\"async\" class=\"alignnone size-full wp-image-3215\" src=\"https:\/\/agora.xtec.cat\/escguillemisarn\/wp-content\/uploads\/usu1631\/2024\/02\/El-gran-poder-del-reforc-positiu.jpg\" alt=\"\" width=\"1024\" height=\"727\" srcset=\"https:\/\/agora.xtec.cat\/escguillemisarn\/wp-content\/uploads\/usu1631\/2024\/02\/El-gran-poder-del-reforc-positiu.jpg 1024w, https:\/\/agora.xtec.cat\/escguillemisarn\/wp-content\/uploads\/usu1631\/2024\/02\/El-gran-poder-del-reforc-positiu-300x213.jpg 300w, https:\/\/agora.xtec.cat\/escguillemisarn\/wp-content\/uploads\/usu1631\/2024\/02\/El-gran-poder-del-reforc-positiu-768x545.jpg 768w\" sizes=\"auto, (max-width: 1024px) 100vw, 1024px\" \/><\/a><\/p>\n<p>Aquests dies hem estat treballant: vocabulari sobre les qualitats, hem reflexionat sobre les nostres difer\u00e8ncies, descobrint l\u00b4opini\u00f3 que t\u00e9 un mateix, descobrint les qualitats personals i valorant la cr\u00edtica positiva&#8230;tot aix\u00f3 ho hem culminat amb un joc cooperatiu que es diu:<\/p>\n<p>&#8211; Qu\u00e8 pots dir de mi?<\/p>\n<p>Els alumnes s\u00b4ho han passat d\u00b4all\u00f3 m\u00e9s b\u00e9: dient i rebent imputs positius.<\/p>\n<p>Aqu\u00ed us deixem una petita mostra:<\/p>\n<p><a href=\"https:\/\/photos.app.goo.gl\/q19UZrpRsg3wKPnu8\">FOTOS<\/a><\/p>\n","protected":false},"excerpt":{"rendered":"<p><a href=\"https:\/\/agora.xtec.cat\/escguillemisarn\/wp-content\/uploads\/usu1631\/2024\/02\/El-gran-poder-del-reforc-positiu.jpg\"><\/a><br \/>\nAquests dies hem estat treballant: vocabulari sobre les qualitats, hem reflexionat sobre les nostres difer\u00e8ncies, descobrint l\u00b4opini\u00f3 que t\u00e9 un mateix, descobrint les qualitats personals i valorant la cr\u00edtica positiva&#8230;tot aix\u00f3 ho hem culminat amb un joc cooperatiu que es diu:<br \/>\n&#8211; Qu\u00e8 pots dir&hellip;  <a href=\"https:\/\/agora.xtec.cat\/escguillemisarn\/general\/que-pots-dir-de-mi\/\" title=\"Read QU\u00c8 POTS DIR DE MI?\">Llegeix m\u00e9s\u00bb<\/a><\/p>\n","protected":false},"author":41,"featured_media":3215,"comment_status":"open","ping_status":"closed","sticky":false,"template":"","format":"standard","meta":{"_bbp_topic_count":0,"_bbp_reply_count":0,"_bbp_total_topic_count":0,"_bbp_total_reply_count":0,"_bbp_voice_count":0,"_bbp_anonymous_reply_count":0,"_bbp_topic_count_hidden":0,"_bbp_reply_count_hidden":0,"_bbp_forum_subforum_count":0,"footnotes":""},"categories":[72,1,4,5],"tags":[],"class_list":["post-3214","post","type-post","status-publish","format-standard","has-post-thumbnail","hentry","category-cm","category-general","category-portada","category-primaria"],"post_mailing_queue_ids":[],"_links":{"self":[{"href":"https:\/\/agora.xtec.cat\/escguillemisarn\/wp-json\/wp\/v2\/posts\/3214","targetHints":{"allow":["GET"]}}],"collection":[{"href":"https:\/\/agora.xtec.cat\/escguillemisarn\/wp-json\/wp\/v2\/posts"}],"about":[{"href":"https:\/\/agora.xtec.cat\/escguillemisarn\/wp-json\/wp\/v2\/types\/post"}],"author":[{"embeddable":true,"href":"https:\/\/agora.xtec.cat\/escguillemisarn\/wp-json\/wp\/v2\/users\/41"}],"replies":[{"embeddable":true,"href":"https:\/\/agora.xtec.cat\/escguillemisarn\/wp-json\/wp\/v2\/comments?post=3214"}],"version-history":[{"count":3,"href":"https:\/\/agora.xtec.cat\/escguillemisarn\/wp-json\/wp\/v2\/posts\/3214\/revisions"}],"predecessor-version":[{"id":3218,"href":"https:\/\/agora.xtec.cat\/escguillemisarn\/wp-json\/wp\/v2\/posts\/3214\/revisions\/3218"}],"wp:featuredmedia":[{"embeddable":true,"href":"https:\/\/agora.xtec.cat\/escguillemisarn\/wp-json\/wp\/v2\/media\/3215"}],"wp:attachment":[{"href":"https:\/\/agora.xtec.cat\/escguillemisarn\/wp-json\/wp\/v2\/media?parent=3214"}],"wp:term":[{"taxonomy":"category","embeddable":true,"href":"https:\/\/agora.xtec.cat\/escguillemisarn\/wp-json\/wp\/v2\/categories?post=3214"},{"taxonomy":"post_tag","embeddable":true,"href":"https:\/\/agora.xtec.cat\/escguillemisarn\/wp-json\/wp\/v2\/tags?post=3214"}],"curies":[{"name":"wp","href":"https:\/\/api.w.org\/{rel}","templated":true}]}}