{"id":3161,"date":"2024-02-07T17:08:41","date_gmt":"2024-02-07T16:08:41","guid":{"rendered":"https:\/\/agora.xtec.cat\/escguillemisarn\/?p=3161"},"modified":"2024-03-11T09:34:05","modified_gmt":"2024-03-11T08:34:05","slug":"els-ecosistemes","status":"publish","type":"post","link":"https:\/\/agora.xtec.cat\/escguillemisarn\/general\/els-ecosistemes\/","title":{"rendered":"ELS ECOSISTEMES"},"content":{"rendered":"<p><a href=\"https:\/\/agora.xtec.cat\/escguillemisarn\/wp-content\/uploads\/usu1631\/2024\/02\/els-ecosistemes-4eso-1-320.webp\"><img loading=\"lazy\" decoding=\"async\" class=\"alignnone wp-image-3163\" src=\"https:\/\/agora.xtec.cat\/escguillemisarn\/wp-content\/uploads\/usu1631\/2024\/02\/els-ecosistemes-4eso-1-320.webp\" alt=\"\" width=\"437\" height=\"246\" srcset=\"https:\/\/agora.xtec.cat\/escguillemisarn\/wp-content\/uploads\/usu1631\/2024\/02\/els-ecosistemes-4eso-1-320.webp 320w, https:\/\/agora.xtec.cat\/escguillemisarn\/wp-content\/uploads\/usu1631\/2024\/02\/els-ecosistemes-4eso-1-320-300x169.webp 300w\" sizes=\"auto, (max-width: 437px) 100vw, 437px\" \/><\/a><\/p>\n<p>Els alumnes de 3r avui ens hem endinsat en el m\u00f3n del collage. Cada un de nosaltres hem hagut de pensar quin ecosistema voldr\u00edem elaborar amb collage, despr\u00e9s ens hem disposat a buscar en les revistes que fa una setmana que anem portant a l\u00b4escola tot el material necessari per poder retallar i enganxar. Hem col\u00b7laborat els uns amb els altres ja que quan trobavem algun elements necessari per al nostre company o companya li passavem el tro\u00e7 de revista que necessitava.<\/p>\n<p>Ha estat una tarda genial, aqu\u00ed us deixem un petit mos dels treballs:<\/p>\n<p><a href=\"https:\/\/photos.app.goo.gl\/9X2WejKk8qu8KcmY7\">ELS ECOSISTEMES <\/a><\/p>\n","protected":false},"excerpt":{"rendered":"<p><a href=\"https:\/\/agora.xtec.cat\/escguillemisarn\/wp-content\/uploads\/usu1631\/2024\/02\/els-ecosistemes-4eso-1-320.webp\"><\/a><br \/>\nEls alumnes de 3r avui ens hem endinsat en el m\u00f3n del collage. Cada un de nosaltres hem hagut de pensar quin ecosistema voldr\u00edem elaborar amb collage, despr\u00e9s ens hem disposat a buscar en les revistes que fa una setmana que anem portant a&hellip;  <a href=\"https:\/\/agora.xtec.cat\/escguillemisarn\/general\/els-ecosistemes\/\" title=\"Read ELS ECOSISTEMES\">Llegeix m\u00e9s\u00bb<\/a><\/p>\n","protected":false},"author":41,"featured_media":3163,"comment_status":"open","ping_status":"closed","sticky":false,"template":"","format":"standard","meta":{"_bbp_topic_count":0,"_bbp_reply_count":0,"_bbp_total_topic_count":0,"_bbp_total_reply_count":0,"_bbp_voice_count":0,"_bbp_anonymous_reply_count":0,"_bbp_topic_count_hidden":0,"_bbp_reply_count_hidden":0,"_bbp_forum_subforum_count":0,"footnotes":""},"categories":[72,1,4,5],"tags":[],"class_list":["post-3161","post","type-post","status-publish","format-standard","has-post-thumbnail","hentry","category-cm","category-general","category-portada","category-primaria"],"post_mailing_queue_ids":[],"_links":{"self":[{"href":"https:\/\/agora.xtec.cat\/escguillemisarn\/wp-json\/wp\/v2\/posts\/3161","targetHints":{"allow":["GET"]}}],"collection":[{"href":"https:\/\/agora.xtec.cat\/escguillemisarn\/wp-json\/wp\/v2\/posts"}],"about":[{"href":"https:\/\/agora.xtec.cat\/escguillemisarn\/wp-json\/wp\/v2\/types\/post"}],"author":[{"embeddable":true,"href":"https:\/\/agora.xtec.cat\/escguillemisarn\/wp-json\/wp\/v2\/users\/41"}],"replies":[{"embeddable":true,"href":"https:\/\/agora.xtec.cat\/escguillemisarn\/wp-json\/wp\/v2\/comments?post=3161"}],"version-history":[{"count":3,"href":"https:\/\/agora.xtec.cat\/escguillemisarn\/wp-json\/wp\/v2\/posts\/3161\/revisions"}],"predecessor-version":[{"id":3165,"href":"https:\/\/agora.xtec.cat\/escguillemisarn\/wp-json\/wp\/v2\/posts\/3161\/revisions\/3165"}],"wp:featuredmedia":[{"embeddable":true,"href":"https:\/\/agora.xtec.cat\/escguillemisarn\/wp-json\/wp\/v2\/media\/3163"}],"wp:attachment":[{"href":"https:\/\/agora.xtec.cat\/escguillemisarn\/wp-json\/wp\/v2\/media?parent=3161"}],"wp:term":[{"taxonomy":"category","embeddable":true,"href":"https:\/\/agora.xtec.cat\/escguillemisarn\/wp-json\/wp\/v2\/categories?post=3161"},{"taxonomy":"post_tag","embeddable":true,"href":"https:\/\/agora.xtec.cat\/escguillemisarn\/wp-json\/wp\/v2\/tags?post=3161"}],"curies":[{"name":"wp","href":"https:\/\/api.w.org\/{rel}","templated":true}]}}