{"id":3153,"date":"2024-02-06T13:36:38","date_gmt":"2024-02-06T12:36:38","guid":{"rendered":"https:\/\/agora.xtec.cat\/escguillemisarn\/?p=3153"},"modified":"2024-02-06T13:36:38","modified_gmt":"2024-02-06T12:36:38","slug":"taller-jo-decideixo","status":"publish","type":"post","link":"https:\/\/agora.xtec.cat\/escguillemisarn\/general\/taller-jo-decideixo\/","title":{"rendered":"TALLER &#8220;JO DECIDEIXO&#8221;"},"content":{"rendered":"<p><a href=\"https:\/\/agora.xtec.cat\/escguillemisarn\/wp-content\/uploads\/usu1631\/2024\/02\/IMG20240206123532.jpg\"><img loading=\"lazy\" decoding=\"async\" class=\"wp-image-3154 aligncenter\" src=\"https:\/\/agora.xtec.cat\/escguillemisarn\/wp-content\/uploads\/usu1631\/2024\/02\/IMG20240206123532.jpg\" alt=\"\" width=\"455\" height=\"341\" srcset=\"https:\/\/agora.xtec.cat\/escguillemisarn\/wp-content\/uploads\/usu1631\/2024\/02\/IMG20240206123532.jpg 1000w, https:\/\/agora.xtec.cat\/escguillemisarn\/wp-content\/uploads\/usu1631\/2024\/02\/IMG20240206123532-300x225.jpg 300w, https:\/\/agora.xtec.cat\/escguillemisarn\/wp-content\/uploads\/usu1631\/2024\/02\/IMG20240206123532-768x576.jpg 768w, https:\/\/agora.xtec.cat\/escguillemisarn\/wp-content\/uploads\/usu1631\/2024\/02\/IMG20240206123532-200x150.jpg 200w\" sizes=\"auto, (max-width: 455px) 100vw, 455px\" \/><\/a><\/p>\n<p>Aquest mat\u00ed l&#8217;alumnat de 5\u00e8 ha rebut la visita de la S\u00f2nia del CAP de T\u00e0rrega. Els nens i nenes han realitzat un taller molt interessant sobre LA IMPORT\u00c0NCIA DE LA PRESA DE DECISIONS. Qu\u00e8 cal tenir en compte quan hem de prendre una decisi\u00f3? Tot el que veiem a internet \u00e9s veritat? Quina relaci\u00f3 hi ha entre la pressi\u00f3 de grup i la presa de decisions? A vegades, ens costa dir que no? Quines s\u00f3n les caracter\u00edstiques d&#8217;una bona decisi\u00f3? Hem dialogat i reflexionat sobre molts aspectes&#8230; I ens ha quedat clar que LA DECISI\u00d3 SEMPRE \u00c9S DE CADASC\u00da!<\/p>\n<p>Moltes gr\u00e0cies S\u00f2nia per aquesta experi\u00e8ncia que de ben segur ens ajudar\u00e0 en el nostre dia a dia.<\/p>\n<p>Aqu\u00ed us deixem un recull de fotografies:<\/p>\n<p><a href=\"https:\/\/photos.app.goo.gl\/YU3tZNnrMVBUJtaDA\">https:\/\/photos.app.goo.gl\/YU3tZNnrMVBUJtaDA<\/a><\/p>\n","protected":false},"excerpt":{"rendered":"<p><a href=\"https:\/\/agora.xtec.cat\/escguillemisarn\/wp-content\/uploads\/usu1631\/2024\/02\/IMG20240206123532.jpg\"><\/a><br \/>\nAquest mat\u00ed l&#8217;alumnat de 5\u00e8 ha rebut la visita de la S\u00f2nia del CAP de T\u00e0rrega. Els nens i nenes han realitzat un taller molt interessant sobre LA IMPORT\u00c0NCIA DE LA PRESA DE DECISIONS. Qu\u00e8 cal tenir en compte quan hem de prendre una&hellip;  <a href=\"https:\/\/agora.xtec.cat\/escguillemisarn\/general\/taller-jo-decideixo\/\" title=\"Read TALLER &#8220;JO DECIDEIXO&#8221;\">Llegeix m\u00e9s\u00bb<\/a><\/p>\n","protected":false},"author":1,"featured_media":0,"comment_status":"open","ping_status":"closed","sticky":false,"template":"","format":"standard","meta":{"_bbp_topic_count":0,"_bbp_reply_count":0,"_bbp_total_topic_count":0,"_bbp_total_reply_count":0,"_bbp_voice_count":0,"_bbp_anonymous_reply_count":0,"_bbp_topic_count_hidden":0,"_bbp_reply_count_hidden":0,"_bbp_forum_subforum_count":0,"footnotes":""},"categories":[73,1,4,5],"tags":[],"class_list":["post-3153","post","type-post","status-publish","format-standard","hentry","category-cs","category-general","category-portada","category-primaria"],"post_mailing_queue_ids":[],"_links":{"self":[{"href":"https:\/\/agora.xtec.cat\/escguillemisarn\/wp-json\/wp\/v2\/posts\/3153","targetHints":{"allow":["GET"]}}],"collection":[{"href":"https:\/\/agora.xtec.cat\/escguillemisarn\/wp-json\/wp\/v2\/posts"}],"about":[{"href":"https:\/\/agora.xtec.cat\/escguillemisarn\/wp-json\/wp\/v2\/types\/post"}],"author":[{"embeddable":true,"href":"https:\/\/agora.xtec.cat\/escguillemisarn\/wp-json\/wp\/v2\/users\/1"}],"replies":[{"embeddable":true,"href":"https:\/\/agora.xtec.cat\/escguillemisarn\/wp-json\/wp\/v2\/comments?post=3153"}],"version-history":[{"count":1,"href":"https:\/\/agora.xtec.cat\/escguillemisarn\/wp-json\/wp\/v2\/posts\/3153\/revisions"}],"predecessor-version":[{"id":3155,"href":"https:\/\/agora.xtec.cat\/escguillemisarn\/wp-json\/wp\/v2\/posts\/3153\/revisions\/3155"}],"wp:attachment":[{"href":"https:\/\/agora.xtec.cat\/escguillemisarn\/wp-json\/wp\/v2\/media?parent=3153"}],"wp:term":[{"taxonomy":"category","embeddable":true,"href":"https:\/\/agora.xtec.cat\/escguillemisarn\/wp-json\/wp\/v2\/categories?post=3153"},{"taxonomy":"post_tag","embeddable":true,"href":"https:\/\/agora.xtec.cat\/escguillemisarn\/wp-json\/wp\/v2\/tags?post=3153"}],"curies":[{"name":"wp","href":"https:\/\/api.w.org\/{rel}","templated":true}]}}