{"id":3143,"date":"2024-01-30T14:03:15","date_gmt":"2024-01-30T13:03:15","guid":{"rendered":"https:\/\/agora.xtec.cat\/escguillemisarn\/?p=3143"},"modified":"2024-01-30T14:04:12","modified_gmt":"2024-01-30T13:04:12","slug":"dimarts-30-de-gener-dia-de-la-pau-i-denip","status":"publish","type":"post","link":"https:\/\/agora.xtec.cat\/escguillemisarn\/general\/dimarts-30-de-gener-dia-de-la-pau-i-denip\/","title":{"rendered":"DENIP A L&#8217;ESCOLA!!!!"},"content":{"rendered":"<p>&nbsp;<\/p>\n<p>&nbsp;<\/p>\n<p><img loading=\"lazy\" decoding=\"async\" class=\" wp-image-3146 alignleft\" src=\"https:\/\/agora.xtec.cat\/escguillemisarn\/wp-content\/uploads\/usu1631\/2024\/01\/noviolencia.jpg\" alt=\"\" width=\"375\" height=\"162\" srcset=\"https:\/\/agora.xtec.cat\/escguillemisarn\/wp-content\/uploads\/usu1631\/2024\/01\/noviolencia.jpg 500w, https:\/\/agora.xtec.cat\/escguillemisarn\/wp-content\/uploads\/usu1631\/2024\/01\/noviolencia-300x130.jpg 300w\" sizes=\"auto, (max-width: 375px) 100vw, 375px\" \/><\/p>\n<p>El Dia Escolar de la No-viol\u00e8ncia i la Pau (DENIP) es celebra el 30 de gener des del 1964\u00a0 commemorant la mort de Mahatma Gandhi. <span style=\"font-family: inherit; font-size: 1em;\">L\u2019objectiu d\u2019aquesta jornada \u00e9s el d\u2019educar en\u00a0 la toler\u00e0ncia, la solidaritat i la conc\u00f2rdia, el respecte als Drets Humans i a la no viol\u00e8ncia i la pau.\u00a0<\/span><\/p>\n<p>Tenint en compte el context geopol\u00edtic mundial que ens trobem en l\u2019actualitat, on les guerres semblen no tenir aturador, veiem m\u00e9s convenient que mai, treballar aquestes propostes did\u00e0ctiques a l\u2019aula, a tots els nivells i al llarg de tot el curs (ODS 16).<\/p>\n<p>A la nostra escola ho hem celebrat creant\u00a0 un <strong><em>photocall\u00a0 <\/em><\/strong>amb unes plomes de la pau\u00a0 pintades i decorades per tots els alumnes. Durant el mat\u00ed\u00a0 ens hem fet la foto en aquest espai simbolitzant la Pau que desitgem per a tothom i a tot el m\u00f3n, sota lema:\u00a0 &#8220;D\u00f3na ales a la Pau&#8221;-<\/p>\n<p>A l&#8217;hora del pat\u00ed l&#8217;alumnat de 6\u00e8 ens han llegit el manifest\u00a0 i tot seguit hem ballat i cantat la can\u00e7\u00f3 de la Pau de l&#8217;escola.<\/p>\n<p>&nbsp;<\/p>\n<p><a href=\"https:\/\/photos.app.goo.gl\/9hfJKuMxknemG4qb6\">https:\/\/photos.app.goo.gl\/9hfJKuMxknemG4qb6<\/a><\/p>\n<p>&nbsp;<\/p>\n","protected":false},"excerpt":{"rendered":"<p>&nbsp;<br \/>\n&nbsp;<\/p>\n<p>El Dia Escolar de la No-viol\u00e8ncia i la Pau (DENIP) es celebra el 30 de gener des del 1964\u00a0 commemorant la mort de Mahatma Gandhi. L\u2019objectiu d\u2019aquesta jornada \u00e9s el d\u2019educar en\u00a0 la toler\u00e0ncia, la solidaritat i la conc\u00f2rdia, el respecte als Drets Humans i&hellip;  <a href=\"https:\/\/agora.xtec.cat\/escguillemisarn\/general\/dimarts-30-de-gener-dia-de-la-pau-i-denip\/\" title=\"Read DENIP A L&#8217;ESCOLA!!!!\">Llegeix m\u00e9s\u00bb<\/a><\/p>\n","protected":false},"author":20,"featured_media":0,"comment_status":"open","ping_status":"closed","sticky":false,"template":"","format":"standard","meta":{"_bbp_topic_count":0,"_bbp_reply_count":0,"_bbp_total_topic_count":0,"_bbp_total_reply_count":0,"_bbp_voice_count":0,"_bbp_anonymous_reply_count":0,"_bbp_topic_count_hidden":0,"_bbp_reply_count_hidden":0,"_bbp_forum_subforum_count":0,"footnotes":""},"categories":[71,72,73,77,79,1,2,4,5],"tags":[],"class_list":["post-3143","post","type-post","status-publish","format-standard","hentry","category-ci","category-cm","category-cs","category-escola-verda","category-foment-de-la-lectura","category-general","category-infantil","category-portada","category-primaria"],"post_mailing_queue_ids":[],"_links":{"self":[{"href":"https:\/\/agora.xtec.cat\/escguillemisarn\/wp-json\/wp\/v2\/posts\/3143","targetHints":{"allow":["GET"]}}],"collection":[{"href":"https:\/\/agora.xtec.cat\/escguillemisarn\/wp-json\/wp\/v2\/posts"}],"about":[{"href":"https:\/\/agora.xtec.cat\/escguillemisarn\/wp-json\/wp\/v2\/types\/post"}],"author":[{"embeddable":true,"href":"https:\/\/agora.xtec.cat\/escguillemisarn\/wp-json\/wp\/v2\/users\/20"}],"replies":[{"embeddable":true,"href":"https:\/\/agora.xtec.cat\/escguillemisarn\/wp-json\/wp\/v2\/comments?post=3143"}],"version-history":[{"count":5,"href":"https:\/\/agora.xtec.cat\/escguillemisarn\/wp-json\/wp\/v2\/posts\/3143\/revisions"}],"predecessor-version":[{"id":3147,"href":"https:\/\/agora.xtec.cat\/escguillemisarn\/wp-json\/wp\/v2\/posts\/3143\/revisions\/3147"}],"wp:attachment":[{"href":"https:\/\/agora.xtec.cat\/escguillemisarn\/wp-json\/wp\/v2\/media?parent=3143"}],"wp:term":[{"taxonomy":"category","embeddable":true,"href":"https:\/\/agora.xtec.cat\/escguillemisarn\/wp-json\/wp\/v2\/categories?post=3143"},{"taxonomy":"post_tag","embeddable":true,"href":"https:\/\/agora.xtec.cat\/escguillemisarn\/wp-json\/wp\/v2\/tags?post=3143"}],"curies":[{"name":"wp","href":"https:\/\/api.w.org\/{rel}","templated":true}]}}