{"id":3140,"date":"2024-01-30T13:06:40","date_gmt":"2024-01-30T12:06:40","guid":{"rendered":"https:\/\/agora.xtec.cat\/escguillemisarn\/?p=3140"},"modified":"2024-01-30T13:06:40","modified_gmt":"2024-01-30T12:06:40","slug":"som-microobservadors","status":"publish","type":"post","link":"https:\/\/agora.xtec.cat\/escguillemisarn\/general\/som-microobservadors\/","title":{"rendered":"SOM MICROOBSERVADORS!"},"content":{"rendered":"<p><a href=\"https:\/\/agora.xtec.cat\/escguillemisarn\/wp-content\/uploads\/usu1631\/2024\/01\/portada-bona.jpg\"><img loading=\"lazy\" decoding=\"async\" class=\"wp-image-3141 aligncenter\" src=\"https:\/\/agora.xtec.cat\/escguillemisarn\/wp-content\/uploads\/usu1631\/2024\/01\/portada-bona-657x1024.jpg\" alt=\"\" width=\"201\" height=\"314\" srcset=\"https:\/\/agora.xtec.cat\/escguillemisarn\/wp-content\/uploads\/usu1631\/2024\/01\/portada-bona-657x1024.jpg 657w, https:\/\/agora.xtec.cat\/escguillemisarn\/wp-content\/uploads\/usu1631\/2024\/01\/portada-bona-768x1197.jpg 768w, https:\/\/agora.xtec.cat\/escguillemisarn\/wp-content\/uploads\/usu1631\/2024\/01\/portada-bona-986x1536.jpg 986w, https:\/\/agora.xtec.cat\/escguillemisarn\/wp-content\/uploads\/usu1631\/2024\/01\/portada-bona.jpg 1000w\" sizes=\"auto, (max-width: 201px) 100vw, 201px\" \/><\/a><\/p>\n<p>El passat divendres l&#8217;alumnat de 5\u00e8 va gaudir del nou laboratori, vam anar-hi a realitzar una activitat d&#8217;observaci\u00f3 a trav\u00e9s dels MICROSCOPIS DIGITALS AMB PANTALLA. Ens ho vam passar genial tot observant: plomes, p\u00e8l de gat, escates de peix, sang de granota, una formiga, l&#8217;ala d&#8217;una papallona, la mand\u00edbula d&#8217;una abella&#8230;<\/p>\n<p>En el seg\u00fcent enlla\u00e7 us deixem algunes fotografies:<\/p>\n<p><a href=\"https:\/\/photos.app.goo.gl\/KmC48cZr9YhaXRzm7\">https:\/\/photos.app.goo.gl\/KmC48cZr9YhaXRzm7<\/a><\/p>\n","protected":false},"excerpt":{"rendered":"<p><a href=\"https:\/\/agora.xtec.cat\/escguillemisarn\/wp-content\/uploads\/usu1631\/2024\/01\/portada-bona.jpg\"><\/a><br \/>\nEl passat divendres l&#8217;alumnat de 5\u00e8 va gaudir del nou laboratori, vam anar-hi a realitzar una activitat d&#8217;observaci\u00f3 a trav\u00e9s dels MICROSCOPIS DIGITALS AMB PANTALLA. Ens ho vam passar genial tot observant: plomes, p\u00e8l de gat, escates de peix, sang de granota, una formiga,&hellip;  <a href=\"https:\/\/agora.xtec.cat\/escguillemisarn\/general\/som-microobservadors\/\" title=\"Read SOM MICROOBSERVADORS!\">Llegeix m\u00e9s\u00bb<\/a><\/p>\n","protected":false},"author":1,"featured_media":0,"comment_status":"open","ping_status":"closed","sticky":false,"template":"","format":"standard","meta":{"_bbp_topic_count":0,"_bbp_reply_count":0,"_bbp_total_topic_count":0,"_bbp_total_reply_count":0,"_bbp_voice_count":0,"_bbp_anonymous_reply_count":0,"_bbp_topic_count_hidden":0,"_bbp_reply_count_hidden":0,"_bbp_forum_subforum_count":0,"footnotes":""},"categories":[73,1,4,5],"tags":[],"class_list":["post-3140","post","type-post","status-publish","format-standard","hentry","category-cs","category-general","category-portada","category-primaria"],"post_mailing_queue_ids":[],"_links":{"self":[{"href":"https:\/\/agora.xtec.cat\/escguillemisarn\/wp-json\/wp\/v2\/posts\/3140","targetHints":{"allow":["GET"]}}],"collection":[{"href":"https:\/\/agora.xtec.cat\/escguillemisarn\/wp-json\/wp\/v2\/posts"}],"about":[{"href":"https:\/\/agora.xtec.cat\/escguillemisarn\/wp-json\/wp\/v2\/types\/post"}],"author":[{"embeddable":true,"href":"https:\/\/agora.xtec.cat\/escguillemisarn\/wp-json\/wp\/v2\/users\/1"}],"replies":[{"embeddable":true,"href":"https:\/\/agora.xtec.cat\/escguillemisarn\/wp-json\/wp\/v2\/comments?post=3140"}],"version-history":[{"count":1,"href":"https:\/\/agora.xtec.cat\/escguillemisarn\/wp-json\/wp\/v2\/posts\/3140\/revisions"}],"predecessor-version":[{"id":3142,"href":"https:\/\/agora.xtec.cat\/escguillemisarn\/wp-json\/wp\/v2\/posts\/3140\/revisions\/3142"}],"wp:attachment":[{"href":"https:\/\/agora.xtec.cat\/escguillemisarn\/wp-json\/wp\/v2\/media?parent=3140"}],"wp:term":[{"taxonomy":"category","embeddable":true,"href":"https:\/\/agora.xtec.cat\/escguillemisarn\/wp-json\/wp\/v2\/categories?post=3140"},{"taxonomy":"post_tag","embeddable":true,"href":"https:\/\/agora.xtec.cat\/escguillemisarn\/wp-json\/wp\/v2\/tags?post=3140"}],"curies":[{"name":"wp","href":"https:\/\/api.w.org\/{rel}","templated":true}]}}