{"id":3130,"date":"2024-01-25T22:56:34","date_gmt":"2024-01-25T21:56:34","guid":{"rendered":"https:\/\/agora.xtec.cat\/escguillemisarn\/?p=3130"},"modified":"2024-01-26T11:00:05","modified_gmt":"2024-01-26T10:00:05","slug":"la-casa-mes-petita","status":"publish","type":"post","link":"https:\/\/agora.xtec.cat\/escguillemisarn\/general\/la-casa-mes-petita\/","title":{"rendered":"LA CASA M\u00c9S PETITA"},"content":{"rendered":"<p><a href=\"https:\/\/agora.xtec.cat\/escguillemisarn\/wp-content\/uploads\/usu1631\/2024\/01\/6-La-casa-mes-petita.jpg\"><img loading=\"lazy\" decoding=\"async\" class=\"alignnone size-large wp-image-3133\" src=\"https:\/\/agora.xtec.cat\/escguillemisarn\/wp-content\/uploads\/usu1631\/2024\/01\/6-La-casa-mes-petita-1024x709.jpg\" alt=\"\" width=\"1024\" height=\"709\" srcset=\"https:\/\/agora.xtec.cat\/escguillemisarn\/wp-content\/uploads\/usu1631\/2024\/01\/6-La-casa-mes-petita-1024x709.jpg 1024w, https:\/\/agora.xtec.cat\/escguillemisarn\/wp-content\/uploads\/usu1631\/2024\/01\/6-La-casa-mes-petita-300x208.jpg 300w, https:\/\/agora.xtec.cat\/escguillemisarn\/wp-content\/uploads\/usu1631\/2024\/01\/6-La-casa-mes-petita-768x532.jpg 768w, https:\/\/agora.xtec.cat\/escguillemisarn\/wp-content\/uploads\/usu1631\/2024\/01\/6-La-casa-mes-petita.jpg 1300w\" sizes=\"auto, (max-width: 1024px) 100vw, 1024px\" \/><\/a><\/p>\n<p>Avui els alumnes de cicle mitj\u00e0 dins les activitats del XXIII Programa Comarcal de Suport a l\u00b4Educaci\u00f3 a l\u00b4Urgell hem anat a veure la representaci\u00f3 teatral LA CASA M\u00c9S PETITA.<\/p>\n<p>Durant la representaci\u00f3 hem pogut veure com la Betina deixa enrere casa seva per descansar del soroll i la por que li provoca la guerra\u00a0 amb una maleta i el desig de tornar aviat. En arribar a la seva &#8220;nova casa&#8221;, s\u00b4adona que res \u00e9s com s\u00b4imaginava. All\u00ed coneix a la Norma, una nena m\u00e9s gran en la mateixa situaci\u00f3, la qual l\u00b4acompanya en aquesta hist\u00f2ria, entre les dues construeixen una amistat que els permet fer front a les dificultats a les quals sobreviuen.<\/p>\n<p>Finalment la Betina i la Norma ens han deixat preguntar-los dubtes, inquietuds,&#8230;de l\u00b4obra teatral que hem gaudit amb elles.<\/p>\n<p>Aqu\u00ed us deixem unes\u00a0<a href=\"https:\/\/photos.app.goo.gl\/YbW1WxzUw2xsyBGy9\">imatges <\/a>del viatge, l\u00b4arribada, &#8230;.l\u00b4obra&#8230;. tot un gaudir intens durant el mat\u00ed.<\/p>\n","protected":false},"excerpt":{"rendered":"<p><a href=\"https:\/\/agora.xtec.cat\/escguillemisarn\/wp-content\/uploads\/usu1631\/2024\/01\/6-La-casa-mes-petita.jpg\"><\/a><br \/>\nAvui els alumnes de cicle mitj\u00e0 dins les activitats del XXIII Programa Comarcal de Suport a l\u00b4Educaci\u00f3 a l\u00b4Urgell hem anat a veure la representaci\u00f3 teatral LA CASA M\u00c9S PETITA.<br \/>\nDurant la representaci\u00f3 hem pogut veure com la Betina deixa enrere casa seva per descansar&hellip;  <a href=\"https:\/\/agora.xtec.cat\/escguillemisarn\/general\/la-casa-mes-petita\/\" title=\"Read LA CASA M\u00c9S PETITA\">Llegeix m\u00e9s\u00bb<\/a><\/p>\n","protected":false},"author":41,"featured_media":3133,"comment_status":"open","ping_status":"closed","sticky":false,"template":"","format":"standard","meta":{"_bbp_topic_count":0,"_bbp_reply_count":0,"_bbp_total_topic_count":0,"_bbp_total_reply_count":0,"_bbp_voice_count":0,"_bbp_anonymous_reply_count":0,"_bbp_topic_count_hidden":0,"_bbp_reply_count_hidden":0,"_bbp_forum_subforum_count":0,"footnotes":""},"categories":[72,1,4,5],"tags":[],"class_list":["post-3130","post","type-post","status-publish","format-standard","has-post-thumbnail","hentry","category-cm","category-general","category-portada","category-primaria"],"post_mailing_queue_ids":[],"_links":{"self":[{"href":"https:\/\/agora.xtec.cat\/escguillemisarn\/wp-json\/wp\/v2\/posts\/3130","targetHints":{"allow":["GET"]}}],"collection":[{"href":"https:\/\/agora.xtec.cat\/escguillemisarn\/wp-json\/wp\/v2\/posts"}],"about":[{"href":"https:\/\/agora.xtec.cat\/escguillemisarn\/wp-json\/wp\/v2\/types\/post"}],"author":[{"embeddable":true,"href":"https:\/\/agora.xtec.cat\/escguillemisarn\/wp-json\/wp\/v2\/users\/41"}],"replies":[{"embeddable":true,"href":"https:\/\/agora.xtec.cat\/escguillemisarn\/wp-json\/wp\/v2\/comments?post=3130"}],"version-history":[{"count":5,"href":"https:\/\/agora.xtec.cat\/escguillemisarn\/wp-json\/wp\/v2\/posts\/3130\/revisions"}],"predecessor-version":[{"id":3136,"href":"https:\/\/agora.xtec.cat\/escguillemisarn\/wp-json\/wp\/v2\/posts\/3130\/revisions\/3136"}],"wp:featuredmedia":[{"embeddable":true,"href":"https:\/\/agora.xtec.cat\/escguillemisarn\/wp-json\/wp\/v2\/media\/3133"}],"wp:attachment":[{"href":"https:\/\/agora.xtec.cat\/escguillemisarn\/wp-json\/wp\/v2\/media?parent=3130"}],"wp:term":[{"taxonomy":"category","embeddable":true,"href":"https:\/\/agora.xtec.cat\/escguillemisarn\/wp-json\/wp\/v2\/categories?post=3130"},{"taxonomy":"post_tag","embeddable":true,"href":"https:\/\/agora.xtec.cat\/escguillemisarn\/wp-json\/wp\/v2\/tags?post=3130"}],"curies":[{"name":"wp","href":"https:\/\/api.w.org\/{rel}","templated":true}]}}