{"id":3128,"date":"2024-01-17T16:37:20","date_gmt":"2024-01-17T15:37:20","guid":{"rendered":"https:\/\/agora.xtec.cat\/escguillemisarn\/?p=3128"},"modified":"2024-01-17T16:37:20","modified_gmt":"2024-01-17T15:37:20","slug":"lukelele-a-5e-i-6e","status":"publish","type":"post","link":"https:\/\/agora.xtec.cat\/escguillemisarn\/primaria\/lukelele-a-5e-i-6e\/","title":{"rendered":"L&#8217;Ukelele a 5\u00e8 i 6\u00e8!"},"content":{"rendered":"<p>Despr\u00e9s d&#8217;un primer trimestre amb moltes activitats musicals i molta preparaci\u00f3, l&#8217;alumnat de cinqu\u00e8 i sis\u00e8 ja han comen\u00e7at els seus primers passos amb el nou instrument de l&#8217;aula: L&#8217;<strong>UKELELE<\/strong>!<\/p>\n<p><img loading=\"lazy\" decoding=\"async\" class=\"alignright\" src=\"https:\/\/images.unsplash.com\/photo-1607513272385-b4f42e08fb16?q=80&amp;w=1000&amp;auto=format&amp;fit=crop&amp;ixlib=rb-4.0.3&amp;ixid=M3wxMjA3fDB8MHxzZWFyY2h8Nnx8dWt1bGVsZXxlbnwwfHwwfHx8MA%3D%3D\" alt=\"999+ Fotos de Ukelele | Descargar im\u00e1genes gratis en Unsplash\" width=\"144\" height=\"216\" \/><\/p>\n<p>&nbsp;<\/p>\n<p>Hem comen\u00e7at treballant sabers musicals del m\u00f3n de l&#8217;harmonia com per exemple el concepte d&#8217;acord musical, i tamb\u00e9, treballem la percepci\u00f3 auditiva a trav\u00e9s del proc\u00e9s d&#8217;afinaci\u00f3 del mateix instrument.<\/p>\n<p>I \u00e9s que a part de tot el que aprenem relacionat amb l&#8217;\u00e0mbit de la m\u00fasica, tocar l&#8217;ukelele tamb\u00e9 ens aporta moltes m\u00e9s coses. Per exemple, ens aporta alegria i millora l&#8217;estat d&#8217;\u00e0nim, ens ajuda amb la concentraci\u00f3 i la mem\u00f2ria, millora les capacitats intel\u00b7lectuals, ens ajuda a socialitzar i millorar la cohesi\u00f3 amb els nostres companys i companyes, ja que s\u00f3n amb els qui hem d&#8217;aconseguir el mateix objectiu.<\/p>\n<p>Aix\u00ed doncs, l&#8217;ukelele permet introduir-se en el m\u00f3n de la interpretaci\u00f3 musical de manera divertida, senzilla i r\u00e0pida. \u00c9s una activitat que resulta molt estimulant, sobretot per aquell alumnat que mai ha tingut l&#8217;oportunitat de tocar algun instrument.<\/p>\n<p>&nbsp;<\/p>\n<p>Estem molt emocionats i emocionades per continuar aprenent i descobrint les sorpreses que l&#8217;ukelele els depara!<\/p>\n<p style=\"text-align: center;\"><a href=\"https:\/\/photos.app.goo.gl\/mv8aiDZJ1xS9myWc6\">Cliqueu aqu\u00ed per visualitzar les imatges<\/a><\/p>\n","protected":false},"excerpt":{"rendered":"<p>Despr\u00e9s d&#8217;un primer trimestre amb moltes activitats musicals i molta preparaci\u00f3, l&#8217;alumnat de cinqu\u00e8 i sis\u00e8 ja han comen\u00e7at els seus primers passos amb el nou instrument de l&#8217;aula: L&#8217;UKELELE!<\/p>\n<p>&nbsp;<br \/>\nHem comen\u00e7at treballant sabers musicals del m\u00f3n de l&#8217;harmonia com per exemple el concepte d&#8217;acord musical,&hellip;  <a href=\"https:\/\/agora.xtec.cat\/escguillemisarn\/primaria\/lukelele-a-5e-i-6e\/\" title=\"Read L&#8217;Ukelele a 5\u00e8 i 6\u00e8!\">Llegeix m\u00e9s\u00bb<\/a><\/p>\n","protected":false},"author":36,"featured_media":0,"comment_status":"open","ping_status":"closed","sticky":false,"template":"","format":"standard","meta":{"_bbp_topic_count":0,"_bbp_reply_count":0,"_bbp_total_topic_count":0,"_bbp_total_reply_count":0,"_bbp_voice_count":0,"_bbp_anonymous_reply_count":0,"_bbp_topic_count_hidden":0,"_bbp_reply_count_hidden":0,"_bbp_forum_subforum_count":0,"footnotes":""},"categories":[73,5],"tags":[],"class_list":["post-3128","post","type-post","status-publish","format-standard","hentry","category-cs","category-primaria"],"post_mailing_queue_ids":[],"_links":{"self":[{"href":"https:\/\/agora.xtec.cat\/escguillemisarn\/wp-json\/wp\/v2\/posts\/3128","targetHints":{"allow":["GET"]}}],"collection":[{"href":"https:\/\/agora.xtec.cat\/escguillemisarn\/wp-json\/wp\/v2\/posts"}],"about":[{"href":"https:\/\/agora.xtec.cat\/escguillemisarn\/wp-json\/wp\/v2\/types\/post"}],"author":[{"embeddable":true,"href":"https:\/\/agora.xtec.cat\/escguillemisarn\/wp-json\/wp\/v2\/users\/36"}],"replies":[{"embeddable":true,"href":"https:\/\/agora.xtec.cat\/escguillemisarn\/wp-json\/wp\/v2\/comments?post=3128"}],"version-history":[{"count":1,"href":"https:\/\/agora.xtec.cat\/escguillemisarn\/wp-json\/wp\/v2\/posts\/3128\/revisions"}],"predecessor-version":[{"id":3129,"href":"https:\/\/agora.xtec.cat\/escguillemisarn\/wp-json\/wp\/v2\/posts\/3128\/revisions\/3129"}],"wp:attachment":[{"href":"https:\/\/agora.xtec.cat\/escguillemisarn\/wp-json\/wp\/v2\/media?parent=3128"}],"wp:term":[{"taxonomy":"category","embeddable":true,"href":"https:\/\/agora.xtec.cat\/escguillemisarn\/wp-json\/wp\/v2\/categories?post=3128"},{"taxonomy":"post_tag","embeddable":true,"href":"https:\/\/agora.xtec.cat\/escguillemisarn\/wp-json\/wp\/v2\/tags?post=3128"}],"curies":[{"name":"wp","href":"https:\/\/api.w.org\/{rel}","templated":true}]}}