{"id":3123,"date":"2024-01-12T13:46:56","date_gmt":"2024-01-12T12:46:56","guid":{"rendered":"https:\/\/agora.xtec.cat\/escguillemisarn\/?p=3123"},"modified":"2024-01-26T11:00:18","modified_gmt":"2024-01-26T10:00:18","slug":"els-mossos-desquadra-de-transit-en-visiten-a-3r","status":"publish","type":"post","link":"https:\/\/agora.xtec.cat\/escguillemisarn\/general\/els-mossos-desquadra-de-transit-en-visiten-a-3r\/","title":{"rendered":"ELS MOSSOS D\u00b4ESQUADRA DE TR\u00c0NSIT ENS VISITEN A 3r"},"content":{"rendered":"<ul>\n<li><a href=\"https:\/\/agora.xtec.cat\/escguillemisarn\/wp-content\/uploads\/usu1631\/2024\/01\/baixa.jpg\"><img loading=\"lazy\" decoding=\"async\" class=\"alignnone size-full wp-image-3124\" src=\"https:\/\/agora.xtec.cat\/escguillemisarn\/wp-content\/uploads\/usu1631\/2024\/01\/baixa.jpg\" alt=\"\" width=\"275\" height=\"183\" \/><\/a><\/li>\n<\/ul>\n<p>Avui hem rebut una visita molt impactant: ELS MOSSOS DE TR\u00c0NSIT.<\/p>\n<p>Les i els alumnes de 3r per fer-nos consci\u00e8ncia de la import\u00e0ncia que t\u00e9 la seguretat vi\u00e0ria i com es poden evitar accidents de tr\u00e0nsit si tenim prud\u00e8ncia i respectem les normes de circulaci\u00f3, hem fet una enquesta; la qual despr\u00e9s hem\u00a0 parlat amb el Josep i en Jaume, els mossos d\u00b4esquadra de tr\u00e0nsit que ens han vingut a fer la jornada. Ens han fet adonar que nosaltres, essent encara uns nens i nenes, ja som CONDUCTORS!! de bicicleta, \u00e9s clar!! Per\u00f2 que hem de tenir en compte, igual que els nostres pares, les normes de circulaci\u00f3 per evitar accidents. I sobretot, prendre les mesures per protegir-nos, posar-nos el casc quan anem amb bicicleta, cordar-nos sempre el cintur\u00f3 encara que el trajecte sigui curt, respectar els senyals de tr\u00e0nsit,\u2026<\/p>\n<p>Moltes gr\u00e0cies Josep i Jaume.<\/p>\n<p>Aqu\u00ed us deixem unes imatges de la jornada:<\/p>\n<p><a href=\"https:\/\/photos.app.goo.gl\/MWLmdHocHTcuX8949\">IMATGES<\/a><\/p>\n","protected":false},"excerpt":{"rendered":"<ul>\n<li><a href=\"https:\/\/agora.xtec.cat\/escguillemisarn\/wp-content\/uploads\/usu1631\/2024\/01\/baixa.jpg\"><\/a><\/li>\n<\/ul>\n<p>Avui hem rebut una visita molt impactant: ELS MOSSOS DE TR\u00c0NSIT.<br \/>\nLes i els alumnes de 3r per fer-nos consci\u00e8ncia de la import\u00e0ncia que t\u00e9 la seguretat vi\u00e0ria i com es poden evitar accidents de tr\u00e0nsit si tenim prud\u00e8ncia i respectem les normes de circulaci\u00f3,&hellip;  <a href=\"https:\/\/agora.xtec.cat\/escguillemisarn\/general\/els-mossos-desquadra-de-transit-en-visiten-a-3r\/\" title=\"Read ELS MOSSOS D\u00b4ESQUADRA DE TR\u00c0NSIT ENS VISITEN A 3r\">Llegeix m\u00e9s\u00bb<\/a><\/p>\n","protected":false},"author":41,"featured_media":3124,"comment_status":"open","ping_status":"closed","sticky":false,"template":"","format":"standard","meta":{"_bbp_topic_count":0,"_bbp_reply_count":0,"_bbp_total_topic_count":0,"_bbp_total_reply_count":0,"_bbp_voice_count":0,"_bbp_anonymous_reply_count":0,"_bbp_topic_count_hidden":0,"_bbp_reply_count_hidden":0,"_bbp_forum_subforum_count":0,"footnotes":""},"categories":[72,1,4,5],"tags":[],"class_list":["post-3123","post","type-post","status-publish","format-standard","has-post-thumbnail","hentry","category-cm","category-general","category-portada","category-primaria"],"post_mailing_queue_ids":[],"_links":{"self":[{"href":"https:\/\/agora.xtec.cat\/escguillemisarn\/wp-json\/wp\/v2\/posts\/3123","targetHints":{"allow":["GET"]}}],"collection":[{"href":"https:\/\/agora.xtec.cat\/escguillemisarn\/wp-json\/wp\/v2\/posts"}],"about":[{"href":"https:\/\/agora.xtec.cat\/escguillemisarn\/wp-json\/wp\/v2\/types\/post"}],"author":[{"embeddable":true,"href":"https:\/\/agora.xtec.cat\/escguillemisarn\/wp-json\/wp\/v2\/users\/41"}],"replies":[{"embeddable":true,"href":"https:\/\/agora.xtec.cat\/escguillemisarn\/wp-json\/wp\/v2\/comments?post=3123"}],"version-history":[{"count":3,"href":"https:\/\/agora.xtec.cat\/escguillemisarn\/wp-json\/wp\/v2\/posts\/3123\/revisions"}],"predecessor-version":[{"id":3127,"href":"https:\/\/agora.xtec.cat\/escguillemisarn\/wp-json\/wp\/v2\/posts\/3123\/revisions\/3127"}],"wp:featuredmedia":[{"embeddable":true,"href":"https:\/\/agora.xtec.cat\/escguillemisarn\/wp-json\/wp\/v2\/media\/3124"}],"wp:attachment":[{"href":"https:\/\/agora.xtec.cat\/escguillemisarn\/wp-json\/wp\/v2\/media?parent=3123"}],"wp:term":[{"taxonomy":"category","embeddable":true,"href":"https:\/\/agora.xtec.cat\/escguillemisarn\/wp-json\/wp\/v2\/categories?post=3123"},{"taxonomy":"post_tag","embeddable":true,"href":"https:\/\/agora.xtec.cat\/escguillemisarn\/wp-json\/wp\/v2\/tags?post=3123"}],"curies":[{"name":"wp","href":"https:\/\/api.w.org\/{rel}","templated":true}]}}