{"id":3098,"date":"2023-12-20T21:05:07","date_gmt":"2023-12-20T20:05:07","guid":{"rendered":"https:\/\/agora.xtec.cat\/escguillemisarn\/?p=3098"},"modified":"2023-12-20T21:29:00","modified_gmt":"2023-12-20T20:29:00","slug":"u-n-f-e-s-t-i-v-a-l-d-a-n-u-n-c-i","status":"publish","type":"post","link":"https:\/\/agora.xtec.cat\/escguillemisarn\/general\/u-n-f-e-s-t-i-v-a-l-d-a-n-u-n-c-i\/","title":{"rendered":"UN FESTIVAL D&#8217;ANUNCI !"},"content":{"rendered":"<p><a href=\"https:\/\/agora.xtec.cat\/escguillemisarn\/wp-content\/uploads\/usu1631\/2023\/12\/maxresdefault-1.jpg\"><img loading=\"lazy\" decoding=\"async\" class=\"wp-image-3100 alignleft\" src=\"https:\/\/agora.xtec.cat\/escguillemisarn\/wp-content\/uploads\/usu1631\/2023\/12\/maxresdefault-1-1024x576.jpg\" alt=\"\" width=\"298\" height=\"168\" srcset=\"https:\/\/agora.xtec.cat\/escguillemisarn\/wp-content\/uploads\/usu1631\/2023\/12\/maxresdefault-1-1024x576.jpg 1024w, https:\/\/agora.xtec.cat\/escguillemisarn\/wp-content\/uploads\/usu1631\/2023\/12\/maxresdefault-1-300x169.jpg 300w, https:\/\/agora.xtec.cat\/escguillemisarn\/wp-content\/uploads\/usu1631\/2023\/12\/maxresdefault-1-768x432.jpg 768w, https:\/\/agora.xtec.cat\/escguillemisarn\/wp-content\/uploads\/usu1631\/2023\/12\/maxresdefault-1.jpg 1280w\" sizes=\"auto, (max-width: 298px) 100vw, 298px\" \/><\/a>I avui era el gran dia, el dia de l&#8217;estrena davant tota la nostra comunitat educativa del festival de Nadal que amb tanta il\u00b7lusi\u00f3 hav\u00edem preparat. Tamb\u00e9 hem estat capa\u00e7os i capaces de guardar el factor sorpresa i ten\u00edem a tots els pares, mares, padrins i padrines ben intrigats sobre qu\u00e8 aniria aquest festival. Ens ho pass\u00e0vem molt b\u00e9 assajant els diferents balls, els diferents anuncis i, finalment, l&#8217;hem mostrat a tothom. Un festival d&#8217;anunci. Hem recollit alguns anuncis t\u00edpics d&#8217;aquestes festes nadalenques i els hem interpretat amb tot l&#8217;art que hem sabut.<\/p>\n<p>Els anuncis que hem fet han estat: Loteria de Nadal, Caldo Aneto, Vuelve a casa vuelve, Las mu\u00f1ecas de Famosa, Chanel, Ikea, El Corte Ingl\u00e9s, Freixenet i hem acabat amb la t\u00edpica can\u00e7\u00f3 de Maria Carey.<\/p>\n<p>Us deixem algunes fotografies del festival i el v\u00eddeo de l&#8217;\u00faltima can\u00e7\u00f3 All I Want For Christmas Is You de l&#8217;artista Maria Carey: \u00a0<a href=\"https:\/\/photos.app.goo.gl\/n19Y4N1xFMJYubq49\">https:\/\/photos.app.goo.gl\/n19Y4N1xFMJYubq49<\/a><\/p>\n<p>Us desitgem unes molt bones festes i bona entrada d&#8217;any 2024!<\/p>\n","protected":false},"excerpt":{"rendered":"<p><a href=\"https:\/\/agora.xtec.cat\/escguillemisarn\/wp-content\/uploads\/usu1631\/2023\/12\/maxresdefault-1.jpg\"><\/a>I avui era el gran dia, el dia de l&#8217;estrena davant tota la nostra comunitat educativa del festival de Nadal que amb tanta il\u00b7lusi\u00f3 hav\u00edem preparat. Tamb\u00e9 hem estat capa\u00e7os i capaces de guardar el factor sorpresa i ten\u00edem a tots els pares, mares,&hellip;  <a href=\"https:\/\/agora.xtec.cat\/escguillemisarn\/general\/u-n-f-e-s-t-i-v-a-l-d-a-n-u-n-c-i\/\" title=\"Read UN FESTIVAL D&#8217;ANUNCI !\">Llegeix m\u00e9s\u00bb<\/a><\/p>\n","protected":false},"author":1,"featured_media":0,"comment_status":"open","ping_status":"closed","sticky":false,"template":"","format":"standard","meta":{"_bbp_topic_count":0,"_bbp_reply_count":0,"_bbp_total_topic_count":0,"_bbp_total_reply_count":0,"_bbp_voice_count":0,"_bbp_anonymous_reply_count":0,"_bbp_topic_count_hidden":0,"_bbp_reply_count_hidden":0,"_bbp_forum_subforum_count":0,"footnotes":""},"categories":[71,72,73,1,2,4,5],"tags":[],"class_list":["post-3098","post","type-post","status-publish","format-standard","hentry","category-ci","category-cm","category-cs","category-general","category-infantil","category-portada","category-primaria"],"post_mailing_queue_ids":[],"_links":{"self":[{"href":"https:\/\/agora.xtec.cat\/escguillemisarn\/wp-json\/wp\/v2\/posts\/3098","targetHints":{"allow":["GET"]}}],"collection":[{"href":"https:\/\/agora.xtec.cat\/escguillemisarn\/wp-json\/wp\/v2\/posts"}],"about":[{"href":"https:\/\/agora.xtec.cat\/escguillemisarn\/wp-json\/wp\/v2\/types\/post"}],"author":[{"embeddable":true,"href":"https:\/\/agora.xtec.cat\/escguillemisarn\/wp-json\/wp\/v2\/users\/1"}],"replies":[{"embeddable":true,"href":"https:\/\/agora.xtec.cat\/escguillemisarn\/wp-json\/wp\/v2\/comments?post=3098"}],"version-history":[{"count":4,"href":"https:\/\/agora.xtec.cat\/escguillemisarn\/wp-json\/wp\/v2\/posts\/3098\/revisions"}],"predecessor-version":[{"id":3109,"href":"https:\/\/agora.xtec.cat\/escguillemisarn\/wp-json\/wp\/v2\/posts\/3098\/revisions\/3109"}],"wp:attachment":[{"href":"https:\/\/agora.xtec.cat\/escguillemisarn\/wp-json\/wp\/v2\/media?parent=3098"}],"wp:term":[{"taxonomy":"category","embeddable":true,"href":"https:\/\/agora.xtec.cat\/escguillemisarn\/wp-json\/wp\/v2\/categories?post=3098"},{"taxonomy":"post_tag","embeddable":true,"href":"https:\/\/agora.xtec.cat\/escguillemisarn\/wp-json\/wp\/v2\/tags?post=3098"}],"curies":[{"name":"wp","href":"https:\/\/api.w.org\/{rel}","templated":true}]}}