{"id":3083,"date":"2023-12-19T12:58:58","date_gmt":"2023-12-19T11:58:58","guid":{"rendered":"https:\/\/agora.xtec.cat\/escguillemisarn\/?p=3083"},"modified":"2023-12-19T13:00:10","modified_gmt":"2023-12-19T12:00:10","slug":"caguem-el-tio-a-la-residencia","status":"publish","type":"post","link":"https:\/\/agora.xtec.cat\/escguillemisarn\/general\/caguem-el-tio-a-la-residencia\/","title":{"rendered":"CAGUEM EL TI\u00d3 A LA RESID\u00c8NCIA"},"content":{"rendered":"<p>Avui els alumnes de cicle inicial, hem fet una visita nadalenca als avis i \u00e0vies de la resid\u00e8ncia.<\/p>\n<p>Hem passat una bona estona amb tots ells. Hem recitat poemes de Nadal, hem fet intercanvi de postals i hem repartit detallets per a tots.<\/p>\n<p>Finalment hem c<span style=\"font-family: inherit; font-size: 1em;\">agat el ti\u00f3. S&#8217;ha portat molt b\u00e9 i ens ha cagat moltes coses.<\/span><\/p>\n<p>Amb aquesta visita, ens endinsem en les festes\u00a0 nadalenques.<\/p>\n<p>Molt bones festes a tothom!!!!<\/p>\n<p><img loading=\"lazy\" decoding=\"async\" class=\"wp-image-3084 alignleft\" src=\"https:\/\/agora.xtec.cat\/escguillemisarn\/wp-content\/uploads\/usu1631\/2023\/12\/maxresdefault-1024x576.jpg\" alt=\"\" width=\"439\" height=\"247\" srcset=\"https:\/\/agora.xtec.cat\/escguillemisarn\/wp-content\/uploads\/usu1631\/2023\/12\/maxresdefault-1024x576.jpg 1024w, https:\/\/agora.xtec.cat\/escguillemisarn\/wp-content\/uploads\/usu1631\/2023\/12\/maxresdefault-300x169.jpg 300w, https:\/\/agora.xtec.cat\/escguillemisarn\/wp-content\/uploads\/usu1631\/2023\/12\/maxresdefault-768x432.jpg 768w, https:\/\/agora.xtec.cat\/escguillemisarn\/wp-content\/uploads\/usu1631\/2023\/12\/maxresdefault.jpg 1280w\" sizes=\"auto, (max-width: 439px) 100vw, 439px\" \/><\/p>\n<p><a href=\"https:\/\/photos.app.goo.gl\/GeVqnFxJCXd7qUjy9\">https:\/\/photos.app.goo.gl\/GeVqnFxJCXd7qUjy9<\/a><\/p>\n","protected":false},"excerpt":{"rendered":"<p>Avui els alumnes de cicle inicial, hem fet una visita nadalenca als avis i \u00e0vies de la resid\u00e8ncia.<br \/>\nHem passat una bona estona amb tots ells. Hem recitat poemes de Nadal, hem fet intercanvi de postals i hem repartit detallets per a tots.<br \/>\nFinalment hem cagat el&hellip;  <a href=\"https:\/\/agora.xtec.cat\/escguillemisarn\/general\/caguem-el-tio-a-la-residencia\/\" title=\"Read CAGUEM EL TI\u00d3 A LA RESID\u00c8NCIA\">Llegeix m\u00e9s\u00bb<\/a><\/p>\n","protected":false},"author":13,"featured_media":0,"comment_status":"open","ping_status":"closed","sticky":false,"template":"","format":"standard","meta":{"_bbp_topic_count":0,"_bbp_reply_count":0,"_bbp_total_topic_count":0,"_bbp_total_reply_count":0,"_bbp_voice_count":0,"_bbp_anonymous_reply_count":0,"_bbp_topic_count_hidden":0,"_bbp_reply_count_hidden":0,"_bbp_forum_subforum_count":0,"footnotes":""},"categories":[71,1,4,5],"tags":[],"class_list":["post-3083","post","type-post","status-publish","format-standard","hentry","category-ci","category-general","category-portada","category-primaria"],"post_mailing_queue_ids":[],"_links":{"self":[{"href":"https:\/\/agora.xtec.cat\/escguillemisarn\/wp-json\/wp\/v2\/posts\/3083","targetHints":{"allow":["GET"]}}],"collection":[{"href":"https:\/\/agora.xtec.cat\/escguillemisarn\/wp-json\/wp\/v2\/posts"}],"about":[{"href":"https:\/\/agora.xtec.cat\/escguillemisarn\/wp-json\/wp\/v2\/types\/post"}],"author":[{"embeddable":true,"href":"https:\/\/agora.xtec.cat\/escguillemisarn\/wp-json\/wp\/v2\/users\/13"}],"replies":[{"embeddable":true,"href":"https:\/\/agora.xtec.cat\/escguillemisarn\/wp-json\/wp\/v2\/comments?post=3083"}],"version-history":[{"count":1,"href":"https:\/\/agora.xtec.cat\/escguillemisarn\/wp-json\/wp\/v2\/posts\/3083\/revisions"}],"predecessor-version":[{"id":3085,"href":"https:\/\/agora.xtec.cat\/escguillemisarn\/wp-json\/wp\/v2\/posts\/3083\/revisions\/3085"}],"wp:attachment":[{"href":"https:\/\/agora.xtec.cat\/escguillemisarn\/wp-json\/wp\/v2\/media?parent=3083"}],"wp:term":[{"taxonomy":"category","embeddable":true,"href":"https:\/\/agora.xtec.cat\/escguillemisarn\/wp-json\/wp\/v2\/categories?post=3083"},{"taxonomy":"post_tag","embeddable":true,"href":"https:\/\/agora.xtec.cat\/escguillemisarn\/wp-json\/wp\/v2\/tags?post=3083"}],"curies":[{"name":"wp","href":"https:\/\/api.w.org\/{rel}","templated":true}]}}