{"id":3075,"date":"2023-12-15T11:06:51","date_gmt":"2023-12-15T10:06:51","guid":{"rendered":"https:\/\/agora.xtec.cat\/escguillemisarn\/?p=3075"},"modified":"2023-12-15T11:06:51","modified_gmt":"2023-12-15T10:06:51","slug":"mercat-solidari","status":"publish","type":"post","link":"https:\/\/agora.xtec.cat\/escguillemisarn\/general\/mercat-solidari\/","title":{"rendered":"MERCAT SOLIDARI"},"content":{"rendered":"<p style=\"text-align: left;\">Aquest any els nens i nenes de l&#8217;escola van organitzar un &#8220;Mercat solidari&#8221; per tal de participar en la 32a edici\u00f3 de la Marat\u00f3 dedicada a la salut sexual i reproductiva. Tots els alumnes de l&#8217;escola des dels m\u00e9s xics fins als m\u00e9s grans vam elaborar un seguit de manualitats amb objectes de l&#8217;entorn (pinyes, pedres,&#8230;) guarnides i decorades per tal d&#8217;oferir un petit detall per col\u00b7laborar en aquesta bonica acci\u00f3 solid\u00e0ria.<\/p>\n<p><a href=\"https:\/\/agora.xtec.cat\/escguillemisarn\/wp-content\/uploads\/usu1631\/2023\/12\/IMG_20231214_091115-1.jpg\"><img loading=\"lazy\" decoding=\"async\" class=\"alignnone size-full wp-image-3077\" src=\"https:\/\/agora.xtec.cat\/escguillemisarn\/wp-content\/uploads\/usu1631\/2023\/12\/IMG_20231214_091115-1.jpg\" alt=\"\" width=\"700\" height=\"313\" srcset=\"https:\/\/agora.xtec.cat\/escguillemisarn\/wp-content\/uploads\/usu1631\/2023\/12\/IMG_20231214_091115-1.jpg 700w, https:\/\/agora.xtec.cat\/escguillemisarn\/wp-content\/uploads\/usu1631\/2023\/12\/IMG_20231214_091115-1-300x134.jpg 300w\" sizes=\"auto, (max-width: 700px) 100vw, 700px\" \/><\/a><\/p>\n<p>Gr\u00e0cies a la participaci\u00f3 de tots i totes vam poder recaptar 350,50\u20ac que van directament a la Marat\u00f3 de TV3.<\/p>\n<p><a href=\"https:\/\/photos.app.goo.gl\/Xkr6hZD5QyGULPoT6\">https:\/\/photos.app.goo.gl\/Xkr6hZD5QyGULPoT6<\/a><\/p>\n<p>&nbsp;<\/p>\n<p>&nbsp;<\/p>\n","protected":false},"excerpt":{"rendered":"<p>Aquest any els nens i nenes de l&#8217;escola van organitzar un &#8220;Mercat solidari&#8221; per tal de participar en la 32a edici\u00f3 de la Marat\u00f3 dedicada a la salut sexual i reproductiva. Tots els alumnes de l&#8217;escola des dels m\u00e9s xics fins als m\u00e9s grans vam&hellip;  <a href=\"https:\/\/agora.xtec.cat\/escguillemisarn\/general\/mercat-solidari\/\" title=\"Read MERCAT SOLIDARI\">Llegeix m\u00e9s\u00bb<\/a><\/p>\n","protected":false},"author":1,"featured_media":0,"comment_status":"open","ping_status":"closed","sticky":false,"template":"","format":"standard","meta":{"_bbp_topic_count":0,"_bbp_reply_count":0,"_bbp_total_topic_count":0,"_bbp_total_reply_count":0,"_bbp_voice_count":0,"_bbp_anonymous_reply_count":0,"_bbp_topic_count_hidden":0,"_bbp_reply_count_hidden":0,"_bbp_forum_subforum_count":0,"footnotes":""},"categories":[71,72,73,1,2,4,5],"tags":[],"class_list":["post-3075","post","type-post","status-publish","format-standard","hentry","category-ci","category-cm","category-cs","category-general","category-infantil","category-portada","category-primaria"],"post_mailing_queue_ids":[],"_links":{"self":[{"href":"https:\/\/agora.xtec.cat\/escguillemisarn\/wp-json\/wp\/v2\/posts\/3075","targetHints":{"allow":["GET"]}}],"collection":[{"href":"https:\/\/agora.xtec.cat\/escguillemisarn\/wp-json\/wp\/v2\/posts"}],"about":[{"href":"https:\/\/agora.xtec.cat\/escguillemisarn\/wp-json\/wp\/v2\/types\/post"}],"author":[{"embeddable":true,"href":"https:\/\/agora.xtec.cat\/escguillemisarn\/wp-json\/wp\/v2\/users\/1"}],"replies":[{"embeddable":true,"href":"https:\/\/agora.xtec.cat\/escguillemisarn\/wp-json\/wp\/v2\/comments?post=3075"}],"version-history":[{"count":4,"href":"https:\/\/agora.xtec.cat\/escguillemisarn\/wp-json\/wp\/v2\/posts\/3075\/revisions"}],"predecessor-version":[{"id":3080,"href":"https:\/\/agora.xtec.cat\/escguillemisarn\/wp-json\/wp\/v2\/posts\/3075\/revisions\/3080"}],"wp:attachment":[{"href":"https:\/\/agora.xtec.cat\/escguillemisarn\/wp-json\/wp\/v2\/media?parent=3075"}],"wp:term":[{"taxonomy":"category","embeddable":true,"href":"https:\/\/agora.xtec.cat\/escguillemisarn\/wp-json\/wp\/v2\/categories?post=3075"},{"taxonomy":"post_tag","embeddable":true,"href":"https:\/\/agora.xtec.cat\/escguillemisarn\/wp-json\/wp\/v2\/tags?post=3075"}],"curies":[{"name":"wp","href":"https:\/\/api.w.org\/{rel}","templated":true}]}}