{"id":3070,"date":"2023-12-17T10:54:39","date_gmt":"2023-12-17T09:54:39","guid":{"rendered":"https:\/\/agora.xtec.cat\/escguillemisarn\/?p=3070"},"modified":"2023-12-17T11:04:16","modified_gmt":"2023-12-17T10:04:16","slug":"arriba-el-tio-a-lescola","status":"publish","type":"post","link":"https:\/\/agora.xtec.cat\/escguillemisarn\/general\/arriba-el-tio-a-lescola\/","title":{"rendered":"ARRIBA EL TI\u00d3 A L&#8217;ESCOLA"},"content":{"rendered":"<p>Com cada any i per aquestes dates arriba a l&#8217;escola el ti\u00f3, aquest any l&#8217;hem trobat que picava a la porta .Estava ben gelat i a m\u00e9s portava una manta.L&#8217;hem fet passar i ara aquests dies el cuidarem molt, li posarem menjar i li donarem de beure.Ara toca esperar ja que tots i totes ens hem portat molt b\u00e9 a veure si ens vol deixar alguna cosa.<\/p>\n<p><a href=\"https:\/\/agora.xtec.cat\/escguillemisarn\/wp-content\/uploads\/usu1631\/2023\/12\/imatge-tio-de-nadal-fran.jpg\"><img loading=\"lazy\" decoding=\"async\" class=\"aligncenter size-thumbnail wp-image-3072\" src=\"https:\/\/agora.xtec.cat\/escguillemisarn\/wp-content\/uploads\/usu1631\/2023\/12\/imatge-tio-de-nadal-fran-150x150.jpg\" alt=\"\" width=\"150\" height=\"150\" srcset=\"https:\/\/agora.xtec.cat\/escguillemisarn\/wp-content\/uploads\/usu1631\/2023\/12\/imatge-tio-de-nadal-fran-150x150.jpg 150w, https:\/\/agora.xtec.cat\/escguillemisarn\/wp-content\/uploads\/usu1631\/2023\/12\/imatge-tio-de-nadal-fran-300x300.jpg 300w, https:\/\/agora.xtec.cat\/escguillemisarn\/wp-content\/uploads\/usu1631\/2023\/12\/imatge-tio-de-nadal-fran-768x768.jpg 768w, https:\/\/agora.xtec.cat\/escguillemisarn\/wp-content\/uploads\/usu1631\/2023\/12\/imatge-tio-de-nadal-fran.jpg 800w\" sizes=\"auto, (max-width: 150px) 100vw, 150px\" \/><\/a>A sota hi ha l&#8217;enlla\u00e7 amb les fotos de l&#8217;arribada del ti\u00f3 a l&#8217;escola.<\/p>\n<p><a href=\"https:\/\/photos.app.goo.gl\/abLx7czMYkQadQtTA\">https:\/\/photos.app.goo.gl\/abLx7czMYkQadQtTA<\/a><\/p>\n","protected":false},"excerpt":{"rendered":"<p>Com cada any i per aquestes dates arriba a l&#8217;escola el ti\u00f3, aquest any l&#8217;hem trobat que picava a la porta .Estava ben gelat i a m\u00e9s portava una manta.L&#8217;hem fet passar i ara aquests dies el cuidarem molt, li posarem menjar i li donarem&hellip;  <a href=\"https:\/\/agora.xtec.cat\/escguillemisarn\/general\/arriba-el-tio-a-lescola\/\" title=\"Read ARRIBA EL TI\u00d3 A L&#8217;ESCOLA\">Llegeix m\u00e9s\u00bb<\/a><\/p>\n","protected":false},"author":20,"featured_media":0,"comment_status":"open","ping_status":"closed","sticky":false,"template":"","format":"standard","meta":{"_bbp_topic_count":0,"_bbp_reply_count":0,"_bbp_total_topic_count":0,"_bbp_total_reply_count":0,"_bbp_voice_count":0,"_bbp_anonymous_reply_count":0,"_bbp_topic_count_hidden":0,"_bbp_reply_count_hidden":0,"_bbp_forum_subforum_count":0,"footnotes":""},"categories":[1,2],"tags":[],"class_list":["post-3070","post","type-post","status-publish","format-standard","hentry","category-general","category-infantil"],"post_mailing_queue_ids":[],"_links":{"self":[{"href":"https:\/\/agora.xtec.cat\/escguillemisarn\/wp-json\/wp\/v2\/posts\/3070","targetHints":{"allow":["GET"]}}],"collection":[{"href":"https:\/\/agora.xtec.cat\/escguillemisarn\/wp-json\/wp\/v2\/posts"}],"about":[{"href":"https:\/\/agora.xtec.cat\/escguillemisarn\/wp-json\/wp\/v2\/types\/post"}],"author":[{"embeddable":true,"href":"https:\/\/agora.xtec.cat\/escguillemisarn\/wp-json\/wp\/v2\/users\/20"}],"replies":[{"embeddable":true,"href":"https:\/\/agora.xtec.cat\/escguillemisarn\/wp-json\/wp\/v2\/comments?post=3070"}],"version-history":[{"count":4,"href":"https:\/\/agora.xtec.cat\/escguillemisarn\/wp-json\/wp\/v2\/posts\/3070\/revisions"}],"predecessor-version":[{"id":3082,"href":"https:\/\/agora.xtec.cat\/escguillemisarn\/wp-json\/wp\/v2\/posts\/3070\/revisions\/3082"}],"wp:attachment":[{"href":"https:\/\/agora.xtec.cat\/escguillemisarn\/wp-json\/wp\/v2\/media?parent=3070"}],"wp:term":[{"taxonomy":"category","embeddable":true,"href":"https:\/\/agora.xtec.cat\/escguillemisarn\/wp-json\/wp\/v2\/categories?post=3070"},{"taxonomy":"post_tag","embeddable":true,"href":"https:\/\/agora.xtec.cat\/escguillemisarn\/wp-json\/wp\/v2\/tags?post=3070"}],"curies":[{"name":"wp","href":"https:\/\/api.w.org\/{rel}","templated":true}]}}