{"id":3067,"date":"2023-12-19T22:03:11","date_gmt":"2023-12-19T21:03:11","guid":{"rendered":"https:\/\/agora.xtec.cat\/escguillemisarn\/?p=3067"},"modified":"2023-12-20T14:14:49","modified_gmt":"2023-12-20T13:14:49","slug":"5a-trobada-intergeneracional","status":"publish","type":"post","link":"https:\/\/agora.xtec.cat\/escguillemisarn\/general\/5a-trobada-intergeneracional\/","title":{"rendered":"5a trobada intergeneracional"},"content":{"rendered":"<p>El passat dijous 14 de desembre vam acudir a la Resid\u00e8ncia per acomiadar-nos dels i les que han estat companys\/es d&#8217;activitats durant els 5 dies de trobades que hem tingut i per desitjar-los-hi unes bones festes.<\/p>\n<p>Han estat unes trobades molt enriquidores tant per a nosaltres com per als i les usu\u00e0ries. S&#8217;han creat uns vincles molt macos i hem volgut agrair-los cantant can\u00e7ons nadalenques que la mestra Ariadna ens ha preparat i donant un detall personalitzat a tothom qui ha participat en cada activitat que hem compartit.<\/p>\n<p>Per la seva banda, des de la Resid\u00e8ncia tamb\u00e9 ens han fet un detall molt \u00fatil que agra\u00efm de tot cor.<\/p>\n<p>Esperem retrobar-nos tard o d&#8217;hora.<\/p>\n<p>Aqu\u00ed hi trobarem un recull fotogr\u00e0fic de la trobada:<\/p>\n<p><a href=\"https:\/\/photos.app.goo.gl\/r6aQ9GShKB3Syn5n8\">https:\/\/photos.app.goo.gl\/r6aQ9GShKB3Syn5n8<\/a><\/p>\n<p>&nbsp;<\/p>\n","protected":false},"excerpt":{"rendered":"<p>El passat dijous 14 de desembre vam acudir a la Resid\u00e8ncia per acomiadar-nos dels i les que han estat companys\/es d&#8217;activitats durant els 5 dies de trobades que hem tingut i per desitjar-los-hi unes bones festes.<br \/>\nHan estat unes trobades molt enriquidores tant per a nosaltres&hellip;  <a href=\"https:\/\/agora.xtec.cat\/escguillemisarn\/general\/5a-trobada-intergeneracional\/\" title=\"Read 5a trobada intergeneracional\">Llegeix m\u00e9s\u00bb<\/a><\/p>\n","protected":false},"author":7,"featured_media":3088,"comment_status":"open","ping_status":"closed","sticky":false,"template":"","format":"standard","meta":{"_bbp_topic_count":0,"_bbp_reply_count":0,"_bbp_total_topic_count":0,"_bbp_total_reply_count":0,"_bbp_voice_count":0,"_bbp_anonymous_reply_count":0,"_bbp_topic_count_hidden":0,"_bbp_reply_count_hidden":0,"_bbp_forum_subforum_count":0,"footnotes":""},"categories":[73,1,4,5],"tags":[],"class_list":["post-3067","post","type-post","status-publish","format-standard","has-post-thumbnail","hentry","category-cs","category-general","category-portada","category-primaria"],"post_mailing_queue_ids":[],"_links":{"self":[{"href":"https:\/\/agora.xtec.cat\/escguillemisarn\/wp-json\/wp\/v2\/posts\/3067","targetHints":{"allow":["GET"]}}],"collection":[{"href":"https:\/\/agora.xtec.cat\/escguillemisarn\/wp-json\/wp\/v2\/posts"}],"about":[{"href":"https:\/\/agora.xtec.cat\/escguillemisarn\/wp-json\/wp\/v2\/types\/post"}],"author":[{"embeddable":true,"href":"https:\/\/agora.xtec.cat\/escguillemisarn\/wp-json\/wp\/v2\/users\/7"}],"replies":[{"embeddable":true,"href":"https:\/\/agora.xtec.cat\/escguillemisarn\/wp-json\/wp\/v2\/comments?post=3067"}],"version-history":[{"count":1,"href":"https:\/\/agora.xtec.cat\/escguillemisarn\/wp-json\/wp\/v2\/posts\/3067\/revisions"}],"predecessor-version":[{"id":3089,"href":"https:\/\/agora.xtec.cat\/escguillemisarn\/wp-json\/wp\/v2\/posts\/3067\/revisions\/3089"}],"wp:featuredmedia":[{"embeddable":true,"href":"https:\/\/agora.xtec.cat\/escguillemisarn\/wp-json\/wp\/v2\/media\/3088"}],"wp:attachment":[{"href":"https:\/\/agora.xtec.cat\/escguillemisarn\/wp-json\/wp\/v2\/media?parent=3067"}],"wp:term":[{"taxonomy":"category","embeddable":true,"href":"https:\/\/agora.xtec.cat\/escguillemisarn\/wp-json\/wp\/v2\/categories?post=3067"},{"taxonomy":"post_tag","embeddable":true,"href":"https:\/\/agora.xtec.cat\/escguillemisarn\/wp-json\/wp\/v2\/tags?post=3067"}],"curies":[{"name":"wp","href":"https:\/\/api.w.org\/{rel}","templated":true}]}}