{"id":3045,"date":"2023-11-29T13:31:54","date_gmt":"2023-11-29T12:31:54","guid":{"rendered":"https:\/\/agora.xtec.cat\/escguillemisarn\/?p=3045"},"modified":"2023-11-29T13:31:54","modified_gmt":"2023-11-29T12:31:54","slug":"treball-en-equip-la-funcio-de-relacio","status":"publish","type":"post","link":"https:\/\/agora.xtec.cat\/escguillemisarn\/general\/treball-en-equip-la-funcio-de-relacio\/","title":{"rendered":"TREBALL EN EQUIP: LA FUNCI\u00d3 DE RELACI\u00d3"},"content":{"rendered":"<p><a href=\"https:\/\/agora.xtec.cat\/escguillemisarn\/wp-content\/uploads\/usu1631\/2023\/11\/IMG20231129100852.jpg\"><img loading=\"lazy\" decoding=\"async\" class=\"alignnone size-full wp-image-3042\" src=\"https:\/\/agora.xtec.cat\/escguillemisarn\/wp-content\/uploads\/usu1631\/2023\/11\/IMG20231129100852.jpg\" alt=\"\" width=\"1000\" height=\"820\" srcset=\"https:\/\/agora.xtec.cat\/escguillemisarn\/wp-content\/uploads\/usu1631\/2023\/11\/IMG20231129100852.jpg 1000w, https:\/\/agora.xtec.cat\/escguillemisarn\/wp-content\/uploads\/usu1631\/2023\/11\/IMG20231129100852-300x246.jpg 300w, https:\/\/agora.xtec.cat\/escguillemisarn\/wp-content\/uploads\/usu1631\/2023\/11\/IMG20231129100852-768x630.jpg 768w\" sizes=\"auto, (max-width: 1000px) 100vw, 1000px\" \/><\/a><\/p>\n<p>L&#8217;alumnat de cinqu\u00e8, dins de l&#8217;\u00e0rea de medi, ha estat treballant cooperativament en la realitzaci\u00f3 d&#8217;uns murals que representen all\u00f2 que hem apr\u00e8s sobre els sentits i el sistema nervi\u00f3s.<\/p>\n<p>Aqu\u00ed us deixem un recull de fotografies:<\/p>\n<p><a href=\"https:\/\/photos.app.goo.gl\/ctpL3gvXvxPdEpKNA\">https:\/\/photos.app.goo.gl\/ctpL3gvXvxPdEpKNA<\/a><\/p>\n","protected":false},"excerpt":{"rendered":"<p><a href=\"https:\/\/agora.xtec.cat\/escguillemisarn\/wp-content\/uploads\/usu1631\/2023\/11\/IMG20231129100852.jpg\"><\/a><br \/>\nL&#8217;alumnat de cinqu\u00e8, dins de l&#8217;\u00e0rea de medi, ha estat treballant cooperativament en la realitzaci\u00f3 d&#8217;uns murals que representen all\u00f2 que hem apr\u00e8s sobre els sentits i el sistema nervi\u00f3s.<br \/>\nAqu\u00ed us deixem un recull de fotografies:<br \/>\n<a href=\"https:\/\/photos.app.goo.gl\/ctpL3gvXvxPdEpKNA\">https:\/\/photos.app.goo.gl\/ctpL3gvXvxPdEpKNA<\/a><\/p>\n","protected":false},"author":1,"featured_media":0,"comment_status":"open","ping_status":"closed","sticky":false,"template":"","format":"standard","meta":{"_bbp_topic_count":0,"_bbp_reply_count":0,"_bbp_total_topic_count":0,"_bbp_total_reply_count":0,"_bbp_voice_count":0,"_bbp_anonymous_reply_count":0,"_bbp_topic_count_hidden":0,"_bbp_reply_count_hidden":0,"_bbp_forum_subforum_count":0,"footnotes":""},"categories":[73,1,4,5],"tags":[],"class_list":["post-3045","post","type-post","status-publish","format-standard","hentry","category-cs","category-general","category-portada","category-primaria"],"post_mailing_queue_ids":[],"_links":{"self":[{"href":"https:\/\/agora.xtec.cat\/escguillemisarn\/wp-json\/wp\/v2\/posts\/3045","targetHints":{"allow":["GET"]}}],"collection":[{"href":"https:\/\/agora.xtec.cat\/escguillemisarn\/wp-json\/wp\/v2\/posts"}],"about":[{"href":"https:\/\/agora.xtec.cat\/escguillemisarn\/wp-json\/wp\/v2\/types\/post"}],"author":[{"embeddable":true,"href":"https:\/\/agora.xtec.cat\/escguillemisarn\/wp-json\/wp\/v2\/users\/1"}],"replies":[{"embeddable":true,"href":"https:\/\/agora.xtec.cat\/escguillemisarn\/wp-json\/wp\/v2\/comments?post=3045"}],"version-history":[{"count":1,"href":"https:\/\/agora.xtec.cat\/escguillemisarn\/wp-json\/wp\/v2\/posts\/3045\/revisions"}],"predecessor-version":[{"id":3046,"href":"https:\/\/agora.xtec.cat\/escguillemisarn\/wp-json\/wp\/v2\/posts\/3045\/revisions\/3046"}],"wp:attachment":[{"href":"https:\/\/agora.xtec.cat\/escguillemisarn\/wp-json\/wp\/v2\/media?parent=3045"}],"wp:term":[{"taxonomy":"category","embeddable":true,"href":"https:\/\/agora.xtec.cat\/escguillemisarn\/wp-json\/wp\/v2\/categories?post=3045"},{"taxonomy":"post_tag","embeddable":true,"href":"https:\/\/agora.xtec.cat\/escguillemisarn\/wp-json\/wp\/v2\/tags?post=3045"}],"curies":[{"name":"wp","href":"https:\/\/api.w.org\/{rel}","templated":true}]}}