{"id":3024,"date":"2023-11-24T17:37:13","date_gmt":"2023-11-24T16:37:13","guid":{"rendered":"https:\/\/agora.xtec.cat\/escguillemisarn\/?p=3024"},"modified":"2023-11-28T12:12:32","modified_gmt":"2023-11-28T11:12:32","slug":"dia-25n-per-a-leliminacio-de-la-violencia-envers-les-dones","status":"publish","type":"post","link":"https:\/\/agora.xtec.cat\/escguillemisarn\/general\/dia-25n-per-a-leliminacio-de-la-violencia-envers-les-dones\/","title":{"rendered":"DIA 25N PER A L&#8217;ELIMINACI\u00d3 DE LA VIOL\u00c8NCIA ENVERS LES DONES"},"content":{"rendered":"<p>Avui a l&#8217;escola hem celebrat el <strong>Dia Internacional per a l&#8217;Eliminaci\u00f3 de la Viol\u00e8ncia envers les Dones<\/strong>. Al llarg de la setmana hem realitzat diferents activitats relacionades amb aquest dia. Els alumnes van escriure uns missatges, idees o propostes\u00a0per l\u2019eliminaci\u00f3 de les Viol\u00e8ncies masclistes, aquests missatges seran exposats a l&#8217;acte que s&#8217;organitzar\u00e0 des de l&#8217;ajuntament el proper diumenge, dia 26.<br \/>\nUna altra activitat realitzada ha estat L&#8217;ESCALA DEL BON TRACTE, on cada curs treballava una frase reivindicativa envers la viol\u00e8ncia i amb aquestes hem decorat l&#8217;escala de l&#8217;escola.<\/p>\n<p><a href=\"https:\/\/agora.xtec.cat\/escguillemisarn\/wp-content\/uploads\/usu1631\/2023\/11\/WhatsApp-Image-2023-11-24-at-16.47.26.jpeg\"><img loading=\"lazy\" decoding=\"async\" class=\" wp-image-3033 alignleft\" src=\"https:\/\/agora.xtec.cat\/escguillemisarn\/wp-content\/uploads\/usu1631\/2023\/11\/WhatsApp-Image-2023-11-24-at-16.47.26-768x1024.jpeg\" alt=\"\" width=\"246\" height=\"328\" srcset=\"https:\/\/agora.xtec.cat\/escguillemisarn\/wp-content\/uploads\/usu1631\/2023\/11\/WhatsApp-Image-2023-11-24-at-16.47.26-768x1024.jpeg 768w, https:\/\/agora.xtec.cat\/escguillemisarn\/wp-content\/uploads\/usu1631\/2023\/11\/WhatsApp-Image-2023-11-24-at-16.47.26-225x300.jpeg 225w, https:\/\/agora.xtec.cat\/escguillemisarn\/wp-content\/uploads\/usu1631\/2023\/11\/WhatsApp-Image-2023-11-24-at-16.47.26-1152x1536.jpeg 1152w, https:\/\/agora.xtec.cat\/escguillemisarn\/wp-content\/uploads\/usu1631\/2023\/11\/WhatsApp-Image-2023-11-24-at-16.47.26.jpeg 1536w\" sizes=\"auto, (max-width: 246px) 100vw, 246px\" \/><\/a><\/p>\n<p>I avui, a primera hora del mat\u00ed, tot l&#8217;alumnat de l&#8217;escola hem sortit al pati a celebrar aquest dia, on l&#8217;alumnat de 6\u00e8 ha fet la lectura del manifest i seguidament dos representants de cada curs ha sortit a llegir la frase pr\u00e8viament treballada a classe. Finalment hem escoltat la can\u00e7\u00f3 Respira- El Diluvi.<\/p>\n<p>Els alumnes de Cicle Inicial tamb\u00e9 hem realitzat un Taller de prevenci\u00f3 \u201cConeixem estereotips amb personatges de Conte\u201d, aquest ha estat dut a terme per la Maria Guix\u00e9 Alfaro (TIS de l\u2019escola) i la Laia Tasies Camats (Educadora Social SAR Tarragon\u00e8s). Els alumnes han pogut reflexionar sobre els estereotips que veien en la majoria de contes.<\/p>\n<p>Aqu\u00ed us deixem un document amb contes per llegir i treballar amb els vostres fills i filles aquests valors tant importants per a fer una societat millor i m\u00e9s igualit\u00e0ria.<\/p>\n<p><a href=\"https:\/\/agora.xtec.cat\/escguillemisarn\/wp-content\/uploads\/usu1631\/2023\/11\/25-CONTES-PER-LA-IGUALTAT_page-0001.jpg\"><img loading=\"lazy\" decoding=\"async\" class=\"alignnone size-large wp-image-3026\" src=\"https:\/\/agora.xtec.cat\/escguillemisarn\/wp-content\/uploads\/usu1631\/2023\/11\/25-CONTES-PER-LA-IGUALTAT_page-0001-725x1024.jpg\" alt=\"\" width=\"725\" height=\"1024\" srcset=\"https:\/\/agora.xtec.cat\/escguillemisarn\/wp-content\/uploads\/usu1631\/2023\/11\/25-CONTES-PER-LA-IGUALTAT_page-0001-725x1024.jpg 725w, https:\/\/agora.xtec.cat\/escguillemisarn\/wp-content\/uploads\/usu1631\/2023\/11\/25-CONTES-PER-LA-IGUALTAT_page-0001-212x300.jpg 212w, https:\/\/agora.xtec.cat\/escguillemisarn\/wp-content\/uploads\/usu1631\/2023\/11\/25-CONTES-PER-LA-IGUALTAT_page-0001-768x1085.jpg 768w, https:\/\/agora.xtec.cat\/escguillemisarn\/wp-content\/uploads\/usu1631\/2023\/11\/25-CONTES-PER-LA-IGUALTAT_page-0001-1087x1536.jpg 1087w, https:\/\/agora.xtec.cat\/escguillemisarn\/wp-content\/uploads\/usu1631\/2023\/11\/25-CONTES-PER-LA-IGUALTAT_page-0001.jpg 1242w\" sizes=\"auto, (max-width: 725px) 100vw, 725px\" \/><\/a><\/p>\n<p>Podeu veure les fotos de les activitats en aquest enlla\u00e7:<\/p>\n<p><a href=\"https:\/\/photos.app.goo.gl\/bUUp8Lv9AcWBnzJ2A\">https:\/\/photos.app.goo.gl\/bUUp8Lv9AcWBnzJ2A<\/a><\/p>\n<p>I per escoltar el manifest que han llegit l&#8217;alumnat de 6\u00e8, cliqueu aqu\u00ed.<\/p>\n<p><a href=\"https:\/\/agora.xtec.cat\/escguillemisarn\/wp-content\/uploads\/usu1631\/2023\/11\/manifest.aac\">manifest<\/a><\/p>\n<p>&nbsp;<\/p>\n<p>&nbsp;<\/p>\n","protected":false},"excerpt":{"rendered":"<p>Avui a l&#8217;escola hem celebrat el Dia Internacional per a l&#8217;Eliminaci\u00f3 de la Viol\u00e8ncia envers les Dones. Al llarg de la setmana hem realitzat diferents activitats relacionades amb aquest dia. Els alumnes van escriure uns missatges, idees o propostes\u00a0per l\u2019eliminaci\u00f3 de les Viol\u00e8ncies masclistes, aquests&hellip;  <a href=\"https:\/\/agora.xtec.cat\/escguillemisarn\/general\/dia-25n-per-a-leliminacio-de-la-violencia-envers-les-dones\/\" title=\"Read DIA 25N PER A L&#8217;ELIMINACI\u00d3 DE LA VIOL\u00c8NCIA ENVERS LES DONES\">Llegeix m\u00e9s\u00bb<\/a><\/p>\n","protected":false},"author":1,"featured_media":0,"comment_status":"open","ping_status":"closed","sticky":false,"template":"","format":"standard","meta":{"_bbp_topic_count":0,"_bbp_reply_count":0,"_bbp_total_topic_count":0,"_bbp_total_reply_count":0,"_bbp_voice_count":0,"_bbp_anonymous_reply_count":0,"_bbp_topic_count_hidden":0,"_bbp_reply_count_hidden":0,"_bbp_forum_subforum_count":0,"footnotes":""},"categories":[1,2,4,5],"tags":[],"class_list":["post-3024","post","type-post","status-publish","format-standard","hentry","category-general","category-infantil","category-portada","category-primaria"],"post_mailing_queue_ids":[],"_links":{"self":[{"href":"https:\/\/agora.xtec.cat\/escguillemisarn\/wp-json\/wp\/v2\/posts\/3024","targetHints":{"allow":["GET"]}}],"collection":[{"href":"https:\/\/agora.xtec.cat\/escguillemisarn\/wp-json\/wp\/v2\/posts"}],"about":[{"href":"https:\/\/agora.xtec.cat\/escguillemisarn\/wp-json\/wp\/v2\/types\/post"}],"author":[{"embeddable":true,"href":"https:\/\/agora.xtec.cat\/escguillemisarn\/wp-json\/wp\/v2\/users\/1"}],"replies":[{"embeddable":true,"href":"https:\/\/agora.xtec.cat\/escguillemisarn\/wp-json\/wp\/v2\/comments?post=3024"}],"version-history":[{"count":3,"href":"https:\/\/agora.xtec.cat\/escguillemisarn\/wp-json\/wp\/v2\/posts\/3024\/revisions"}],"predecessor-version":[{"id":3034,"href":"https:\/\/agora.xtec.cat\/escguillemisarn\/wp-json\/wp\/v2\/posts\/3024\/revisions\/3034"}],"wp:attachment":[{"href":"https:\/\/agora.xtec.cat\/escguillemisarn\/wp-json\/wp\/v2\/media?parent=3024"}],"wp:term":[{"taxonomy":"category","embeddable":true,"href":"https:\/\/agora.xtec.cat\/escguillemisarn\/wp-json\/wp\/v2\/categories?post=3024"},{"taxonomy":"post_tag","embeddable":true,"href":"https:\/\/agora.xtec.cat\/escguillemisarn\/wp-json\/wp\/v2\/tags?post=3024"}],"curies":[{"name":"wp","href":"https:\/\/api.w.org\/{rel}","templated":true}]}}