{"id":3015,"date":"2023-11-20T13:27:19","date_gmt":"2023-11-20T12:27:19","guid":{"rendered":"https:\/\/agora.xtec.cat\/escguillemisarn\/?p=3015"},"modified":"2023-11-20T13:40:54","modified_gmt":"2023-11-20T12:40:54","slug":"experimentem-amb-el-gust","status":"publish","type":"post","link":"https:\/\/agora.xtec.cat\/escguillemisarn\/general\/experimentem-amb-el-gust\/","title":{"rendered":"EXPERIMENTEM AMB EL GUST"},"content":{"rendered":"<p style=\"text-align: center;\"><a href=\"https:\/\/agora.xtec.cat\/escguillemisarn\/wp-content\/uploads\/usu1631\/2023\/11\/gust.jpg\"><img loading=\"lazy\" decoding=\"async\" class=\"alignnone size-full wp-image-3016\" src=\"https:\/\/agora.xtec.cat\/escguillemisarn\/wp-content\/uploads\/usu1631\/2023\/11\/gust.jpg\" alt=\"\" width=\"329\" height=\"153\" srcset=\"https:\/\/agora.xtec.cat\/escguillemisarn\/wp-content\/uploads\/usu1631\/2023\/11\/gust.jpg 329w, https:\/\/agora.xtec.cat\/escguillemisarn\/wp-content\/uploads\/usu1631\/2023\/11\/gust-300x140.jpg 300w\" sizes=\"auto, (max-width: 329px) 100vw, 329px\" \/><\/a><\/p>\n<p>El passat divendres l&#8217;alumnat de 5\u00e8 vam realitzar un experiment de medi natural que consistia en descobrir a trav\u00e9s del sentit de l&#8217;olfacte i el gust els diferents &#8220;<em>aliments secrets<\/em>&#8220;. Vam olorar i tastar diferents aliments, sense poder-los veure pr\u00e8viament, alguns ens van agradar for\u00e7a i d&#8217;altres ens van sorprendre una mica! Ens ho vam passar molt b\u00e9!<\/p>\n<p>En el seg\u00fcent enlla\u00e7 us deixem algunes fotografies:<\/p>\n<p><a href=\"https:\/\/photos.app.goo.gl\/4fnPwhXAwThqivF9A\">https:\/\/photos.app.goo.gl\/huzCQJ3kQ5vQuYur8<\/a><\/p>\n","protected":false},"excerpt":{"rendered":"<p><a href=\"https:\/\/agora.xtec.cat\/escguillemisarn\/wp-content\/uploads\/usu1631\/2023\/11\/gust.jpg\"><\/a><br \/>\nEl passat divendres l&#8217;alumnat de 5\u00e8 vam realitzar un experiment de medi natural que consistia en descobrir a trav\u00e9s del sentit de l&#8217;olfacte i el gust els diferents &#8220;aliments secrets&#8220;. Vam olorar i tastar diferents aliments, sense poder-los veure pr\u00e8viament, alguns ens van agradar&hellip;  <a href=\"https:\/\/agora.xtec.cat\/escguillemisarn\/general\/experimentem-amb-el-gust\/\" title=\"Read EXPERIMENTEM AMB EL GUST\">Llegeix m\u00e9s\u00bb<\/a><\/p>\n","protected":false},"author":1,"featured_media":0,"comment_status":"open","ping_status":"closed","sticky":false,"template":"","format":"standard","meta":{"_bbp_topic_count":0,"_bbp_reply_count":0,"_bbp_total_topic_count":0,"_bbp_total_reply_count":0,"_bbp_voice_count":0,"_bbp_anonymous_reply_count":0,"_bbp_topic_count_hidden":0,"_bbp_reply_count_hidden":0,"_bbp_forum_subforum_count":0,"footnotes":""},"categories":[73,1,4,5],"tags":[],"class_list":["post-3015","post","type-post","status-publish","format-standard","hentry","category-cs","category-general","category-portada","category-primaria"],"post_mailing_queue_ids":[],"_links":{"self":[{"href":"https:\/\/agora.xtec.cat\/escguillemisarn\/wp-json\/wp\/v2\/posts\/3015","targetHints":{"allow":["GET"]}}],"collection":[{"href":"https:\/\/agora.xtec.cat\/escguillemisarn\/wp-json\/wp\/v2\/posts"}],"about":[{"href":"https:\/\/agora.xtec.cat\/escguillemisarn\/wp-json\/wp\/v2\/types\/post"}],"author":[{"embeddable":true,"href":"https:\/\/agora.xtec.cat\/escguillemisarn\/wp-json\/wp\/v2\/users\/1"}],"replies":[{"embeddable":true,"href":"https:\/\/agora.xtec.cat\/escguillemisarn\/wp-json\/wp\/v2\/comments?post=3015"}],"version-history":[{"count":2,"href":"https:\/\/agora.xtec.cat\/escguillemisarn\/wp-json\/wp\/v2\/posts\/3015\/revisions"}],"predecessor-version":[{"id":3018,"href":"https:\/\/agora.xtec.cat\/escguillemisarn\/wp-json\/wp\/v2\/posts\/3015\/revisions\/3018"}],"wp:attachment":[{"href":"https:\/\/agora.xtec.cat\/escguillemisarn\/wp-json\/wp\/v2\/media?parent=3015"}],"wp:term":[{"taxonomy":"category","embeddable":true,"href":"https:\/\/agora.xtec.cat\/escguillemisarn\/wp-json\/wp\/v2\/categories?post=3015"},{"taxonomy":"post_tag","embeddable":true,"href":"https:\/\/agora.xtec.cat\/escguillemisarn\/wp-json\/wp\/v2\/tags?post=3015"}],"curies":[{"name":"wp","href":"https:\/\/api.w.org\/{rel}","templated":true}]}}