{"id":2984,"date":"2023-11-02T13:10:43","date_gmt":"2023-11-02T12:10:43","guid":{"rendered":"https:\/\/agora.xtec.cat\/escguillemisarn\/?p=2984"},"modified":"2023-11-02T13:11:13","modified_gmt":"2023-11-02T12:11:13","slug":"una-castanyada-amb-molt-art","status":"publish","type":"post","link":"https:\/\/agora.xtec.cat\/escguillemisarn\/general\/una-castanyada-amb-molt-art\/","title":{"rendered":"UNA CASTANYADA AMB MOLT ART!!"},"content":{"rendered":"<p><img loading=\"lazy\" decoding=\"async\" class=\"alignleft\" src=\"https:\/\/www.irouicome.com\/blog\/wp-content\/uploads\/2019\/10\/Cornet_ch%C3%A2taignes.jpg\" alt=\"La \u00ab Castanyada \u00bb, o cuando la casta\u00f1a celebra el oto\u00f1o y el \u00ab Tots Sants \u00bb en Catalu\u00f1a\" width=\"272\" height=\"204\" \/>\u00c9s temps de tardor i de castanyada&#8230; el dimarts 31 ens vam reunir al pati de l&#8217;escola per celebrar la castanyada amb les fam\u00edlies. L&#8217;alumnat ens va fer un recital de dites, d&#8217;endevinalles i poemes ben bonics t\u00edpics d&#8217;aquesta \u00e8poca de l&#8217;any. I per acabar, vam poder gaudir de l&#8217;exposici\u00f3 formada per totes les manualitats fetes amb elements i fruits de tardor, que aquests dies heu estat preparant a les vostres cases, compartint estones amb els vostres fills i filles. Cal dir que el professorat ens hem quedat ben sorpresos de la vostra participaci\u00f3 i de l&#8217;art que hi heu posat en tots els treballs. Sou unes fam\u00edlies molt artistes!! Moltes gr\u00e0cies!!<\/p>\n<p>Us deixem unes imatges recordant aquest dia.<\/p>\n<p><a href=\"https:\/\/photos.app.goo.gl\/pXqpad7FfkzfrzP28\">https:\/\/photos.app.goo.gl\/pXqpad7FfkzfrzP28<\/a><\/p>\n","protected":false},"excerpt":{"rendered":"<p>\u00c9s temps de tardor i de castanyada&#8230; el dimarts 31 ens vam reunir al pati de l&#8217;escola per celebrar la castanyada amb les fam\u00edlies. L&#8217;alumnat ens va fer un recital de dites, d&#8217;endevinalles i poemes ben bonics t\u00edpics d&#8217;aquesta \u00e8poca de l&#8217;any. I per acabar,&hellip;  <a href=\"https:\/\/agora.xtec.cat\/escguillemisarn\/general\/una-castanyada-amb-molt-art\/\" title=\"Read UNA CASTANYADA AMB MOLT ART!!\">Llegeix m\u00e9s\u00bb<\/a><\/p>\n","protected":false},"author":14,"featured_media":0,"comment_status":"open","ping_status":"closed","sticky":false,"template":"","format":"standard","meta":{"_bbp_topic_count":0,"_bbp_reply_count":0,"_bbp_total_topic_count":0,"_bbp_total_reply_count":0,"_bbp_voice_count":0,"_bbp_anonymous_reply_count":0,"_bbp_topic_count_hidden":0,"_bbp_reply_count_hidden":0,"_bbp_forum_subforum_count":0,"footnotes":""},"categories":[1,2,4,5],"tags":[],"class_list":["post-2984","post","type-post","status-publish","format-standard","hentry","category-general","category-infantil","category-portada","category-primaria"],"post_mailing_queue_ids":[],"_links":{"self":[{"href":"https:\/\/agora.xtec.cat\/escguillemisarn\/wp-json\/wp\/v2\/posts\/2984","targetHints":{"allow":["GET"]}}],"collection":[{"href":"https:\/\/agora.xtec.cat\/escguillemisarn\/wp-json\/wp\/v2\/posts"}],"about":[{"href":"https:\/\/agora.xtec.cat\/escguillemisarn\/wp-json\/wp\/v2\/types\/post"}],"author":[{"embeddable":true,"href":"https:\/\/agora.xtec.cat\/escguillemisarn\/wp-json\/wp\/v2\/users\/14"}],"replies":[{"embeddable":true,"href":"https:\/\/agora.xtec.cat\/escguillemisarn\/wp-json\/wp\/v2\/comments?post=2984"}],"version-history":[{"count":3,"href":"https:\/\/agora.xtec.cat\/escguillemisarn\/wp-json\/wp\/v2\/posts\/2984\/revisions"}],"predecessor-version":[{"id":2990,"href":"https:\/\/agora.xtec.cat\/escguillemisarn\/wp-json\/wp\/v2\/posts\/2984\/revisions\/2990"}],"wp:attachment":[{"href":"https:\/\/agora.xtec.cat\/escguillemisarn\/wp-json\/wp\/v2\/media?parent=2984"}],"wp:term":[{"taxonomy":"category","embeddable":true,"href":"https:\/\/agora.xtec.cat\/escguillemisarn\/wp-json\/wp\/v2\/categories?post=2984"},{"taxonomy":"post_tag","embeddable":true,"href":"https:\/\/agora.xtec.cat\/escguillemisarn\/wp-json\/wp\/v2\/tags?post=2984"}],"curies":[{"name":"wp","href":"https:\/\/api.w.org\/{rel}","templated":true}]}}