{"id":2981,"date":"2023-11-02T12:29:21","date_gmt":"2023-11-02T11:29:21","guid":{"rendered":"https:\/\/agora.xtec.cat\/escguillemisarn\/?p=2981"},"modified":"2023-11-03T09:12:52","modified_gmt":"2023-11-03T08:12:52","slug":"estacions-dambit-linguistic","status":"publish","type":"post","link":"https:\/\/agora.xtec.cat\/escguillemisarn\/general\/estacions-dambit-linguistic\/","title":{"rendered":"ESTACIONS D\u00b4\u00c0MBIT LING\u00dc\u00cdSTIC"},"content":{"rendered":"<p><a href=\"https:\/\/agora.xtec.cat\/escguillemisarn\/wp-content\/uploads\/usu1631\/2023\/11\/20231102_122229-e1698924461582.jpg\"><img loading=\"lazy\" decoding=\"async\" class=\"alignnone size-large wp-image-2986\" src=\"https:\/\/agora.xtec.cat\/escguillemisarn\/wp-content\/uploads\/usu1631\/2023\/11\/20231102_122229-e1698924461582-1024x627.jpg\" alt=\"\" width=\"1024\" height=\"627\" srcset=\"https:\/\/agora.xtec.cat\/escguillemisarn\/wp-content\/uploads\/usu1631\/2023\/11\/20231102_122229-e1698924461582-1024x627.jpg 1024w, https:\/\/agora.xtec.cat\/escguillemisarn\/wp-content\/uploads\/usu1631\/2023\/11\/20231102_122229-e1698924461582-300x184.jpg 300w, https:\/\/agora.xtec.cat\/escguillemisarn\/wp-content\/uploads\/usu1631\/2023\/11\/20231102_122229-e1698924461582-768x470.jpg 768w, https:\/\/agora.xtec.cat\/escguillemisarn\/wp-content\/uploads\/usu1631\/2023\/11\/20231102_122229-e1698924461582-1536x941.jpg 1536w, https:\/\/agora.xtec.cat\/escguillemisarn\/wp-content\/uploads\/usu1631\/2023\/11\/20231102_122229-e1698924461582.jpg 1832w\" sizes=\"auto, (max-width: 1024px) 100vw, 1024px\" \/><\/a><\/p>\n<p>Els alumnes de 3r ja fa dies que ens hem endinsat en les estacions d\u2019aprenentatge, aquestes com sabeu s\u00f3n una metodologia activa que consisteix a treballar part d\u2019un contingut amb diferents activitats a nivell individual o grupal. \u00c9s un circuit d\u2019aprenentatge on van aprenent i interioritzant continguts diferents per\u00f2 relacionats entre si. Cal indicar que en elles l\u00b4alumnat pren decisions i es sent lliure alhora de realitzar l\u00b4aprenentatge.<\/p>\n<p>Per \u00faltim nom\u00e9s destacar que els vostres fills i filles tenen l\u2019oportunitat de brillar i deixar anar la seva creativitat i imaginaci\u00f3, alhora que la possibilitat de brillar, sentir-se important i refor\u00e7ar la seva autoestima a trav\u00e9s d\u2019activitats que el motiven.<\/p>\n<p>Aqu\u00ed us deixem un petit recull de\u00a0<a href=\"https:\/\/photos.app.goo.gl\/r2J6kCuYg2YBF8fL8\">FOTOS<\/a>\u00a0 on podreu observar els aspectes destacats anteriorment.<\/p>\n","protected":false},"excerpt":{"rendered":"<p><a href=\"https:\/\/agora.xtec.cat\/escguillemisarn\/wp-content\/uploads\/usu1631\/2023\/11\/20231102_122229-e1698924461582.jpg\"><\/a><br \/>\nEls alumnes de 3r ja fa dies que ens hem endinsat en les estacions d\u2019aprenentatge, aquestes com sabeu s\u00f3n una metodologia activa que consisteix a treballar part d\u2019un contingut amb diferents activitats a nivell individual o grupal. \u00c9s un circuit d\u2019aprenentatge on van aprenent&hellip;  <a href=\"https:\/\/agora.xtec.cat\/escguillemisarn\/general\/estacions-dambit-linguistic\/\" title=\"Read ESTACIONS D\u00b4\u00c0MBIT LING\u00dc\u00cdSTIC\">Llegeix m\u00e9s\u00bb<\/a><\/p>\n","protected":false},"author":41,"featured_media":2986,"comment_status":"open","ping_status":"closed","sticky":false,"template":"","format":"standard","meta":{"_bbp_topic_count":0,"_bbp_reply_count":0,"_bbp_total_topic_count":0,"_bbp_total_reply_count":0,"_bbp_voice_count":0,"_bbp_anonymous_reply_count":0,"_bbp_topic_count_hidden":0,"_bbp_reply_count_hidden":0,"_bbp_forum_subforum_count":0,"footnotes":""},"categories":[72,1,4,5],"tags":[],"class_list":["post-2981","post","type-post","status-publish","format-standard","has-post-thumbnail","hentry","category-cm","category-general","category-portada","category-primaria"],"post_mailing_queue_ids":[],"_links":{"self":[{"href":"https:\/\/agora.xtec.cat\/escguillemisarn\/wp-json\/wp\/v2\/posts\/2981","targetHints":{"allow":["GET"]}}],"collection":[{"href":"https:\/\/agora.xtec.cat\/escguillemisarn\/wp-json\/wp\/v2\/posts"}],"about":[{"href":"https:\/\/agora.xtec.cat\/escguillemisarn\/wp-json\/wp\/v2\/types\/post"}],"author":[{"embeddable":true,"href":"https:\/\/agora.xtec.cat\/escguillemisarn\/wp-json\/wp\/v2\/users\/41"}],"replies":[{"embeddable":true,"href":"https:\/\/agora.xtec.cat\/escguillemisarn\/wp-json\/wp\/v2\/comments?post=2981"}],"version-history":[{"count":3,"href":"https:\/\/agora.xtec.cat\/escguillemisarn\/wp-json\/wp\/v2\/posts\/2981\/revisions"}],"predecessor-version":[{"id":2987,"href":"https:\/\/agora.xtec.cat\/escguillemisarn\/wp-json\/wp\/v2\/posts\/2981\/revisions\/2987"}],"wp:featuredmedia":[{"embeddable":true,"href":"https:\/\/agora.xtec.cat\/escguillemisarn\/wp-json\/wp\/v2\/media\/2986"}],"wp:attachment":[{"href":"https:\/\/agora.xtec.cat\/escguillemisarn\/wp-json\/wp\/v2\/media?parent=2981"}],"wp:term":[{"taxonomy":"category","embeddable":true,"href":"https:\/\/agora.xtec.cat\/escguillemisarn\/wp-json\/wp\/v2\/categories?post=2981"},{"taxonomy":"post_tag","embeddable":true,"href":"https:\/\/agora.xtec.cat\/escguillemisarn\/wp-json\/wp\/v2\/tags?post=2981"}],"curies":[{"name":"wp","href":"https:\/\/api.w.org\/{rel}","templated":true}]}}