{"id":2970,"date":"2023-10-31T13:44:49","date_gmt":"2023-10-31T12:44:49","guid":{"rendered":"https:\/\/agora.xtec.cat\/escguillemisarn\/?p=2970"},"modified":"2023-11-03T09:13:02","modified_gmt":"2023-11-03T08:13:02","slug":"la-castanyada-a-cicle-inicial","status":"publish","type":"post","link":"https:\/\/agora.xtec.cat\/escguillemisarn\/general\/la-castanyada-a-cicle-inicial\/","title":{"rendered":"LA CASTANYADA A CICLE INICIAL!!!!"},"content":{"rendered":"<p>Amb la\u00a0 tardor comen\u00e7ada, ja ha arribat\u00a0 una festivitat destacada d&#8217;aquesta estaci\u00f3: LA CASTANYADA!!!! i cicle inicial hem volgut celebrar-ho com cal.<\/p>\n<p>Us hem preparat unes endevinalles relacionades amb la tardor!!!!!!! En sabreu la resposta de totes??<\/p>\n<p>Tamb\u00e9 hem treballat molt des de casa per realitzar unes manualitats d&#8217;all\u00f2 m\u00e9s originals!!!!<\/p>\n<p>D&#8217;aquesta manera us volem desitjar molt bona CASTANYADA!!!!!<\/p>\n<p><a href=\"https:\/\/photos.app.goo.gl\/pNixXopi22N7N1Wr8\">https:\/\/photos.app.goo.gl\/pNixXopi22N7N1Wr8<\/a><\/p>\n<p>&nbsp;<\/p>\n<p>En aquests codi QR podeu escoltar les endevinalles que us hem preparat.<\/p>\n<p><a href=\"https:\/\/agora.xtec.cat\/escguillemisarn\/wp-content\/uploads\/usu1631\/2023\/10\/QR-ENDEVINALLES.png\"><img loading=\"lazy\" decoding=\"async\" class=\"wp-image-2976 alignleft\" src=\"https:\/\/agora.xtec.cat\/escguillemisarn\/wp-content\/uploads\/usu1631\/2023\/10\/QR-ENDEVINALLES-1024x1024.png\" alt=\"\" width=\"222\" height=\"222\" srcset=\"https:\/\/agora.xtec.cat\/escguillemisarn\/wp-content\/uploads\/usu1631\/2023\/10\/QR-ENDEVINALLES-1024x1024.png 1024w, https:\/\/agora.xtec.cat\/escguillemisarn\/wp-content\/uploads\/usu1631\/2023\/10\/QR-ENDEVINALLES-300x300.png 300w, https:\/\/agora.xtec.cat\/escguillemisarn\/wp-content\/uploads\/usu1631\/2023\/10\/QR-ENDEVINALLES-150x150.png 150w, https:\/\/agora.xtec.cat\/escguillemisarn\/wp-content\/uploads\/usu1631\/2023\/10\/QR-ENDEVINALLES-768x768.png 768w, https:\/\/agora.xtec.cat\/escguillemisarn\/wp-content\/uploads\/usu1631\/2023\/10\/QR-ENDEVINALLES-1536x1536.png 1536w, https:\/\/agora.xtec.cat\/escguillemisarn\/wp-content\/uploads\/usu1631\/2023\/10\/QR-ENDEVINALLES-2048x2048.png 2048w\" sizes=\"auto, (max-width: 222px) 100vw, 222px\" \/><\/a><\/p>\n<p>&nbsp;<\/p>\n<p><img loading=\"lazy\" decoding=\"async\" class=\"wp-image-2971 alignleft\" src=\"https:\/\/agora.xtec.cat\/escguillemisarn\/wp-content\/uploads\/usu1631\/2023\/10\/ENDEVINALLES-1024x1024.png\" alt=\"\" width=\"238\" height=\"238\" srcset=\"https:\/\/agora.xtec.cat\/escguillemisarn\/wp-content\/uploads\/usu1631\/2023\/10\/ENDEVINALLES-1024x1024.png 1024w, https:\/\/agora.xtec.cat\/escguillemisarn\/wp-content\/uploads\/usu1631\/2023\/10\/ENDEVINALLES-300x300.png 300w, https:\/\/agora.xtec.cat\/escguillemisarn\/wp-content\/uploads\/usu1631\/2023\/10\/ENDEVINALLES-150x150.png 150w, https:\/\/agora.xtec.cat\/escguillemisarn\/wp-content\/uploads\/usu1631\/2023\/10\/ENDEVINALLES-768x768.png 768w, https:\/\/agora.xtec.cat\/escguillemisarn\/wp-content\/uploads\/usu1631\/2023\/10\/ENDEVINALLES-1536x1536.png 1536w, https:\/\/agora.xtec.cat\/escguillemisarn\/wp-content\/uploads\/usu1631\/2023\/10\/ENDEVINALLES-2048x2048.png 2048w\" sizes=\"auto, (max-width: 238px) 100vw, 238px\" \/><\/p>\n","protected":false},"excerpt":{"rendered":"<p>Amb la\u00a0 tardor comen\u00e7ada, ja ha arribat\u00a0 una festivitat destacada d&#8217;aquesta estaci\u00f3: LA CASTANYADA!!!! i cicle inicial hem volgut celebrar-ho com cal.<br \/>\nUs hem preparat unes endevinalles relacionades amb la tardor!!!!!!! En sabreu la resposta de totes??<br \/>\nTamb\u00e9 hem treballat molt des de casa per realitzar unes&hellip;  <a href=\"https:\/\/agora.xtec.cat\/escguillemisarn\/general\/la-castanyada-a-cicle-inicial\/\" title=\"Read LA CASTANYADA A CICLE INICIAL!!!!\">Llegeix m\u00e9s\u00bb<\/a><\/p>\n","protected":false},"author":13,"featured_media":0,"comment_status":"open","ping_status":"closed","sticky":false,"template":"","format":"standard","meta":{"_bbp_topic_count":0,"_bbp_reply_count":0,"_bbp_total_topic_count":0,"_bbp_total_reply_count":0,"_bbp_voice_count":0,"_bbp_anonymous_reply_count":0,"_bbp_topic_count_hidden":0,"_bbp_reply_count_hidden":0,"_bbp_forum_subforum_count":0,"footnotes":""},"categories":[71,1,5],"tags":[],"class_list":["post-2970","post","type-post","status-publish","format-standard","hentry","category-ci","category-general","category-primaria"],"post_mailing_queue_ids":[],"_links":{"self":[{"href":"https:\/\/agora.xtec.cat\/escguillemisarn\/wp-json\/wp\/v2\/posts\/2970","targetHints":{"allow":["GET"]}}],"collection":[{"href":"https:\/\/agora.xtec.cat\/escguillemisarn\/wp-json\/wp\/v2\/posts"}],"about":[{"href":"https:\/\/agora.xtec.cat\/escguillemisarn\/wp-json\/wp\/v2\/types\/post"}],"author":[{"embeddable":true,"href":"https:\/\/agora.xtec.cat\/escguillemisarn\/wp-json\/wp\/v2\/users\/13"}],"replies":[{"embeddable":true,"href":"https:\/\/agora.xtec.cat\/escguillemisarn\/wp-json\/wp\/v2\/comments?post=2970"}],"version-history":[{"count":5,"href":"https:\/\/agora.xtec.cat\/escguillemisarn\/wp-json\/wp\/v2\/posts\/2970\/revisions"}],"predecessor-version":[{"id":2980,"href":"https:\/\/agora.xtec.cat\/escguillemisarn\/wp-json\/wp\/v2\/posts\/2970\/revisions\/2980"}],"wp:attachment":[{"href":"https:\/\/agora.xtec.cat\/escguillemisarn\/wp-json\/wp\/v2\/media?parent=2970"}],"wp:term":[{"taxonomy":"category","embeddable":true,"href":"https:\/\/agora.xtec.cat\/escguillemisarn\/wp-json\/wp\/v2\/categories?post=2970"},{"taxonomy":"post_tag","embeddable":true,"href":"https:\/\/agora.xtec.cat\/escguillemisarn\/wp-json\/wp\/v2\/tags?post=2970"}],"curies":[{"name":"wp","href":"https:\/\/api.w.org\/{rel}","templated":true}]}}