{"id":2968,"date":"2023-10-26T13:04:19","date_gmt":"2023-10-26T11:04:19","guid":{"rendered":"https:\/\/agora.xtec.cat\/escguillemisarn\/?p=2968"},"modified":"2023-11-03T09:13:10","modified_gmt":"2023-11-03T08:13:10","slug":"2a-trobada-intergeneracional","status":"publish","type":"post","link":"https:\/\/agora.xtec.cat\/escguillemisarn\/general\/2a-trobada-intergeneracional\/","title":{"rendered":"2a trobada intergeneracional"},"content":{"rendered":"<p>Aquest dijous l&#8217;alumnat de 5\u00e8 ha tornat a la Resid\u00e8ncia de La Fuliola i Bold\u00fa per compartir hist\u00f2ries personals amb els i les residents. Ho han fet mitjan\u00e7ant un joc de preguntes que els ha ajudat a con\u00e8ixer-se millor.<\/p>\n<p>Abans de marxar, la Urgell els hi ha recitat un poema que ella mateixa va escriure per celebrar el seu aniversari.<\/p>\n<p>Aqu\u00ed en podeu veure unes fotografies:<\/p>\n<p><a href=\"https:\/\/photos.app.goo.gl\/JV9KMrFz9eH1Y9Qf6\">Recull fotogr\u00e0fic <\/a><\/p>\n<p>&nbsp;<\/p>\n<p>&nbsp;<\/p>\n<p>&nbsp;<\/p>\n","protected":false},"excerpt":{"rendered":"<p>Aquest dijous l&#8217;alumnat de 5\u00e8 ha tornat a la Resid\u00e8ncia de La Fuliola i Bold\u00fa per compartir hist\u00f2ries personals amb els i les residents. Ho han fet mitjan\u00e7ant un joc de preguntes que els ha ajudat a con\u00e8ixer-se millor.<br \/>\nAbans de marxar, la Urgell els hi&hellip;  <a href=\"https:\/\/agora.xtec.cat\/escguillemisarn\/general\/2a-trobada-intergeneracional\/\" title=\"Read 2a trobada intergeneracional\">Llegeix m\u00e9s\u00bb<\/a><\/p>\n","protected":false},"author":7,"featured_media":0,"comment_status":"open","ping_status":"closed","sticky":false,"template":"","format":"standard","meta":{"_bbp_topic_count":0,"_bbp_reply_count":0,"_bbp_total_topic_count":0,"_bbp_total_reply_count":0,"_bbp_voice_count":0,"_bbp_anonymous_reply_count":0,"_bbp_topic_count_hidden":0,"_bbp_reply_count_hidden":0,"_bbp_forum_subforum_count":0,"footnotes":""},"categories":[1],"tags":[],"class_list":["post-2968","post","type-post","status-publish","format-standard","hentry","category-general"],"post_mailing_queue_ids":[],"_links":{"self":[{"href":"https:\/\/agora.xtec.cat\/escguillemisarn\/wp-json\/wp\/v2\/posts\/2968","targetHints":{"allow":["GET"]}}],"collection":[{"href":"https:\/\/agora.xtec.cat\/escguillemisarn\/wp-json\/wp\/v2\/posts"}],"about":[{"href":"https:\/\/agora.xtec.cat\/escguillemisarn\/wp-json\/wp\/v2\/types\/post"}],"author":[{"embeddable":true,"href":"https:\/\/agora.xtec.cat\/escguillemisarn\/wp-json\/wp\/v2\/users\/7"}],"replies":[{"embeddable":true,"href":"https:\/\/agora.xtec.cat\/escguillemisarn\/wp-json\/wp\/v2\/comments?post=2968"}],"version-history":[{"count":1,"href":"https:\/\/agora.xtec.cat\/escguillemisarn\/wp-json\/wp\/v2\/posts\/2968\/revisions"}],"predecessor-version":[{"id":2969,"href":"https:\/\/agora.xtec.cat\/escguillemisarn\/wp-json\/wp\/v2\/posts\/2968\/revisions\/2969"}],"wp:attachment":[{"href":"https:\/\/agora.xtec.cat\/escguillemisarn\/wp-json\/wp\/v2\/media?parent=2968"}],"wp:term":[{"taxonomy":"category","embeddable":true,"href":"https:\/\/agora.xtec.cat\/escguillemisarn\/wp-json\/wp\/v2\/categories?post=2968"},{"taxonomy":"post_tag","embeddable":true,"href":"https:\/\/agora.xtec.cat\/escguillemisarn\/wp-json\/wp\/v2\/tags?post=2968"}],"curies":[{"name":"wp","href":"https:\/\/api.w.org\/{rel}","templated":true}]}}