{"id":2965,"date":"2023-10-26T10:19:29","date_gmt":"2023-10-26T08:19:29","guid":{"rendered":"https:\/\/agora.xtec.cat\/escguillemisarn\/?p=2965"},"modified":"2023-11-28T12:12:20","modified_gmt":"2023-11-28T11:12:20","slug":"eleccions-al-consell-escolar-participa","status":"publish","type":"post","link":"https:\/\/agora.xtec.cat\/escguillemisarn\/general\/eleccions-al-consell-escolar-participa\/","title":{"rendered":"ELECCIONS AL CONSELL ESCOLAR: PARTICIPA !"},"content":{"rendered":"<div><a href=\"https:\/\/agora.xtec.cat\/escguillemisarn\/wp-content\/uploads\/usu1631\/2023\/10\/consells-escolars.png_412773741.png\"><img loading=\"lazy\" decoding=\"async\" class=\"size-full wp-image-2966 aligncenter\" src=\"https:\/\/agora.xtec.cat\/escguillemisarn\/wp-content\/uploads\/usu1631\/2023\/10\/consells-escolars.png_412773741.png\" alt=\"\" width=\"750\" height=\"183\" srcset=\"https:\/\/agora.xtec.cat\/escguillemisarn\/wp-content\/uploads\/usu1631\/2023\/10\/consells-escolars.png_412773741.png 750w, https:\/\/agora.xtec.cat\/escguillemisarn\/wp-content\/uploads\/usu1631\/2023\/10\/consells-escolars.png_412773741-300x73.png 300w\" sizes=\"auto, (max-width: 750px) 100vw, 750px\" \/><\/a><\/div>\n<div><\/div>\n<div><\/div>\n<div><\/div>\n<div>Us informe<span style=\"font-family: arial, sans-serif;\">m que aquest any hi ha convocades les eleccions als consells escolars de totes les escoles de Catalunya.<\/span><\/div>\n<div><\/div>\n<div>\n<p><span style=\"font-family: arial, sans-serif;\">El consell escolar del centre \u00e9s l&#8217;\u00f2rgan col\u00b7legiat de participaci\u00f3\u00a0de la comunitat escolar en el govern del centre. En el consell escolar hi ha representats tots els col\u00b7lectius que intervenen en la comunitat educativa: director o directora, professorat, alumnes, personal d&#8217;administraci\u00f3 i serveis, etc.<\/span><\/p>\n<p><span style=\"font-family: arial, sans-serif;\">Els membres del consell escolar s\u00f3n elegits per un per\u00edode de quatre anys i es renoven per meitats cada dos anys.<\/span><\/p>\n<p><span style=\"font-family: arial, sans-serif;\">Aquest curs, en el nostre cas, cal renovar a un membre del sector de representants de les fam\u00edlies.\u00a0<\/span><\/p>\n<p><span style=\"font-family: arial, sans-serif;\">Us animem a participar de les eleccions i, si s&#8217;escau, a presentar-vos com a voluntaris per a ser elegits i elegides.<\/span><\/p>\n<p><em>CALENDARITZACI\u00d3 DEL PROC\u00c9S<\/em><br \/>\n<strong>30 d\u2019octubre:<\/strong> publicaci\u00f3 del cens electoral de cada sector i convocat\u00f2ria d&#8217;eleccions.<br \/>\n<strong>Del 2 al 6 de novembre:<\/strong> presentaci\u00f3 de reclamacions en relaci\u00f3 a les dades publicades en els censos electorals.<br \/>\n<strong>7 de novembre:<\/strong> publicaci\u00f3, si s\u2019escau, de la resoluci\u00f3 a les reclamacions presentades als censos electorals i publicaci\u00f3 del cens definitiu.<br \/>\n<strong>10 de novembre:<\/strong> en sessi\u00f3 p\u00fablica a les 10h sorteig dels membres del sector de representants de pares i mares que formaran les meses electorals.<br \/>\n<strong>10 de novembre:<\/strong> constituci\u00f3 de les meses electorals<br \/>\n<strong>14 de novembre:<\/strong> data l\u00edmit per presentar candidatures al president de cada mesa electoral. Els pares i mares interessats a presentar-se com a candidats\/es cal que ho informin per escrit al director del centre. En cas de no haver-hi candidats, tothom passaria a \u00e9sser elegible.<br \/>\n<strong>15 de novembre:<\/strong> publicaci\u00f3 de les candidatures presentades.<br \/>\n<strong>20 de novembre:<\/strong> realitzaci\u00f3 de l\u2019acte electoral del sector de representants de pares i mares. La mesa estar\u00e0 formada de les 15h a les 17h.<br \/>\n<strong>21 de novembre:<\/strong> realitzaci\u00f3 de l\u2019acte electoral del sector de representants del professorat. La mesa estar\u00e0 formada de les 12.30h a les 13h. a la sala de mestres.<br \/>\n<strong>4 de desembre:<\/strong> constituci\u00f3 del nou consell escolar.<br \/>\nAnimem a tots els pares\/mares a participar en el proc\u00e9s electoral. Cal recordar que s\u2019ha d\u2019elegir, mitjan\u00e7ant eleccions, un representant del sector pares i mares. En el sup\u00f2sit que no es presenti cap candidatura, tots els pares i mares del cens passen a ser elegibles. Esperem la presentaci\u00f3 de candidatures i la participaci\u00f3 de tots\/es en les eleccions.<\/p>\n<p><span style=\"font-family: arial, sans-serif;\">Per a m\u00e9s informaci\u00f3, us deixem aquest enlla\u00e7 del Departament d&#8217;Educaci\u00f3:\u00a0<\/span><a href=\"https:\/\/educacio.gencat.cat\/ca\/arees-actuacio\/centres-serveis-educatius\/centres\/consells-escolars-centres\/index.html\" target=\"_blank\" rel=\"noopener\" data-saferedirecturl=\"https:\/\/www.google.com\/url?q=https:\/\/educacio.gencat.cat\/ca\/arees-actuacio\/centres-serveis-educatius\/centres\/consells-escolars-centres\/index.html&amp;source=gmail&amp;ust=1698394462764000&amp;usg=AOvVaw17DoiJXsMocl8QMWFMLvND\">https:\/\/educacio.<wbr \/>gencat.cat\/ca\/arees-actuacio\/<wbr \/>centres-serveis-educatius\/<wbr \/>centres\/consells-escolars-<wbr \/>centres\/index.html<\/a><\/p>\n<p>#PARTICIPA!<\/p>\n<\/div>\n","protected":false},"excerpt":{"rendered":"<p><a href=\"https:\/\/agora.xtec.cat\/escguillemisarn\/wp-content\/uploads\/usu1631\/2023\/10\/consells-escolars.png_412773741.png\"><\/a><\/p>\n<p>Us informem que aquest any hi ha convocades les eleccions als consells escolars de totes les escoles de Catalunya.<\/p>\n<p>El consell escolar del centre \u00e9s l&#8217;\u00f2rgan col\u00b7legiat de participaci\u00f3\u00a0de la comunitat escolar en el govern del centre. En el consell escolar hi ha representats tots&hellip;  <a href=\"https:\/\/agora.xtec.cat\/escguillemisarn\/general\/eleccions-al-consell-escolar-participa\/\" title=\"Read ELECCIONS AL CONSELL ESCOLAR: PARTICIPA !\">Llegeix m\u00e9s\u00bb<\/a><\/p>\n","protected":false},"author":1,"featured_media":0,"comment_status":"open","ping_status":"closed","sticky":false,"template":"","format":"standard","meta":{"_bbp_topic_count":0,"_bbp_reply_count":0,"_bbp_total_topic_count":0,"_bbp_total_reply_count":0,"_bbp_voice_count":0,"_bbp_anonymous_reply_count":0,"_bbp_topic_count_hidden":0,"_bbp_reply_count_hidden":0,"_bbp_forum_subforum_count":0,"footnotes":""},"categories":[1,4],"tags":[],"class_list":["post-2965","post","type-post","status-publish","format-standard","hentry","category-general","category-portada"],"post_mailing_queue_ids":[],"_links":{"self":[{"href":"https:\/\/agora.xtec.cat\/escguillemisarn\/wp-json\/wp\/v2\/posts\/2965","targetHints":{"allow":["GET"]}}],"collection":[{"href":"https:\/\/agora.xtec.cat\/escguillemisarn\/wp-json\/wp\/v2\/posts"}],"about":[{"href":"https:\/\/agora.xtec.cat\/escguillemisarn\/wp-json\/wp\/v2\/types\/post"}],"author":[{"embeddable":true,"href":"https:\/\/agora.xtec.cat\/escguillemisarn\/wp-json\/wp\/v2\/users\/1"}],"replies":[{"embeddable":true,"href":"https:\/\/agora.xtec.cat\/escguillemisarn\/wp-json\/wp\/v2\/comments?post=2965"}],"version-history":[{"count":3,"href":"https:\/\/agora.xtec.cat\/escguillemisarn\/wp-json\/wp\/v2\/posts\/2965\/revisions"}],"predecessor-version":[{"id":2974,"href":"https:\/\/agora.xtec.cat\/escguillemisarn\/wp-json\/wp\/v2\/posts\/2965\/revisions\/2974"}],"wp:attachment":[{"href":"https:\/\/agora.xtec.cat\/escguillemisarn\/wp-json\/wp\/v2\/media?parent=2965"}],"wp:term":[{"taxonomy":"category","embeddable":true,"href":"https:\/\/agora.xtec.cat\/escguillemisarn\/wp-json\/wp\/v2\/categories?post=2965"},{"taxonomy":"post_tag","embeddable":true,"href":"https:\/\/agora.xtec.cat\/escguillemisarn\/wp-json\/wp\/v2\/tags?post=2965"}],"curies":[{"name":"wp","href":"https:\/\/api.w.org\/{rel}","templated":true}]}}