{"id":2959,"date":"2023-10-24T09:41:57","date_gmt":"2023-10-24T07:41:57","guid":{"rendered":"https:\/\/agora.xtec.cat\/escguillemisarn\/?p=2959"},"modified":"2023-10-24T09:41:57","modified_gmt":"2023-10-24T07:41:57","slug":"el-pati-que-volem-jornada-familiar","status":"publish","type":"post","link":"https:\/\/agora.xtec.cat\/escguillemisarn\/general\/el-pati-que-volem-jornada-familiar\/","title":{"rendered":"El pati que volem! Jornada familiar."},"content":{"rendered":"<p><a href=\"https:\/\/agora.xtec.cat\/escguillemisarn\/wp-content\/uploads\/usu1631\/2023\/10\/Logo-AFA.jpg\"><img loading=\"lazy\" decoding=\"async\" class=\"wp-image-2961 alignleft\" src=\"https:\/\/agora.xtec.cat\/escguillemisarn\/wp-content\/uploads\/usu1631\/2023\/10\/Logo-AFA.jpg\" alt=\"\" width=\"220\" height=\"165\" srcset=\"https:\/\/agora.xtec.cat\/escguillemisarn\/wp-content\/uploads\/usu1631\/2023\/10\/Logo-AFA.jpg 659w, https:\/\/agora.xtec.cat\/escguillemisarn\/wp-content\/uploads\/usu1631\/2023\/10\/Logo-AFA-300x224.jpg 300w, https:\/\/agora.xtec.cat\/escguillemisarn\/wp-content\/uploads\/usu1631\/2023\/10\/Logo-AFA-200x150.jpg 200w\" sizes=\"auto, (max-width: 220px) 100vw, 220px\" \/><\/a>El proppassat diumenge 22 d&#8217;octubre l&#8217;AFA de l&#8217;escola va organitzar una jornada de pati on moltes fam\u00edlies i docents es van arromangar per arreglar el pati on cada dia hi juguem els infants de l&#8217;escola. Una jornada fant\u00e0stica on es van millorar molts raconets de l&#8217;esbarjo possibilitant, aix\u00ed, noves maneres de relacionar-nos amb l&#8217;entorn, nous jocs, noves possibilitats, nous reptes!<\/p>\n<p>Volem agrair a totes les fam\u00edlies que ho van fer possible, a tots els docents que van venir per col\u00b7laborar-hi i felicitar-vos per com ha quedat. Moltes gr\u00e0cies!<\/p>\n<p>Us deixem algunes imatges de les actuacions que s&#8217;hi van fer:<\/p>\n<ul>\n<li>Enretirada del cotxe i al seu lloc vam muntar pe\u00e7a per pe\u00e7a una caseta de fusta que es va collar a terra amb els ancoratges del prove\u00efdor.<\/li>\n<li>Es va pintar i refer el palet del sorral amb els tubs de transvassaments.<\/li>\n<li>Es va cosir el tipi per manteniment i hi van cosir unes formes geom\u00e8triques. Tamb\u00e9 en aquesta zona es va netejar la zona dels troncs a terra i es van pintar.<\/li>\n<li>Es van enretirar els 4 palots vells i se\u2019n van posar tres de nous, que els vam pintar i s&#8217;hi va dibuixar una una carretera.<\/li>\n<li>Es van repintar els dibuixos de terra i en vam fer un de nou: la pista de xapes.<\/li>\n<li>Es van soterrar dos tubs de drenatge de sis metres de llargada al pati infantil, a veure si podem aconseguir que almenys no s\u2019entolli tant.<\/li>\n<li>Les jardineres quadrades d\u2019infantil les vam reparar i pintar.<\/li>\n<li>Es van muntar les taules de p\u00edcnic amb els ancoratges i collats pota per pota amb cubs de formig\u00f3. Esperem que gaudiu tots plegats d\u2019aquesta zona.<\/li>\n<li>Es van deixar passats els tubs del reg gota-gota i faltar\u00e0 travessar el muret de formig\u00f3 i empalmar amb la toma d\u2019aigua de les piscines.<\/li>\n<li>Es van canviar de lloc el palet dels insectes.<\/li>\n<\/ul>\n<p>ENHORABONA PER TOTA AQUESTA FEINADA!<\/p>\n<p><a href=\"https:\/\/photos.app.goo.gl\/a2aZYATFNJHHyXZz9\">https:\/\/photos.app.goo.gl\/a2aZYATFNJHHyXZz9<\/a><\/p>\n","protected":false},"excerpt":{"rendered":"<p><a href=\"https:\/\/agora.xtec.cat\/escguillemisarn\/wp-content\/uploads\/usu1631\/2023\/10\/Logo-AFA.jpg\"><\/a>El proppassat diumenge 22 d&#8217;octubre l&#8217;AFA de l&#8217;escola va organitzar una jornada de pati on moltes fam\u00edlies i docents es van arromangar per arreglar el pati on cada dia hi juguem els infants de l&#8217;escola. Una jornada fant\u00e0stica on es van millorar molts raconets&hellip;  <a href=\"https:\/\/agora.xtec.cat\/escguillemisarn\/general\/el-pati-que-volem-jornada-familiar\/\" title=\"Read El pati que volem! Jornada familiar.\">Llegeix m\u00e9s\u00bb<\/a><\/p>\n","protected":false},"author":1,"featured_media":0,"comment_status":"open","ping_status":"closed","sticky":false,"template":"","format":"standard","meta":{"_bbp_topic_count":0,"_bbp_reply_count":0,"_bbp_total_topic_count":0,"_bbp_total_reply_count":0,"_bbp_voice_count":0,"_bbp_anonymous_reply_count":0,"_bbp_topic_count_hidden":0,"_bbp_reply_count_hidden":0,"_bbp_forum_subforum_count":0,"footnotes":""},"categories":[71,72,73,1,2,4,5],"tags":[],"class_list":["post-2959","post","type-post","status-publish","format-standard","hentry","category-ci","category-cm","category-cs","category-general","category-infantil","category-portada","category-primaria"],"post_mailing_queue_ids":[],"_links":{"self":[{"href":"https:\/\/agora.xtec.cat\/escguillemisarn\/wp-json\/wp\/v2\/posts\/2959","targetHints":{"allow":["GET"]}}],"collection":[{"href":"https:\/\/agora.xtec.cat\/escguillemisarn\/wp-json\/wp\/v2\/posts"}],"about":[{"href":"https:\/\/agora.xtec.cat\/escguillemisarn\/wp-json\/wp\/v2\/types\/post"}],"author":[{"embeddable":true,"href":"https:\/\/agora.xtec.cat\/escguillemisarn\/wp-json\/wp\/v2\/users\/1"}],"replies":[{"embeddable":true,"href":"https:\/\/agora.xtec.cat\/escguillemisarn\/wp-json\/wp\/v2\/comments?post=2959"}],"version-history":[{"count":1,"href":"https:\/\/agora.xtec.cat\/escguillemisarn\/wp-json\/wp\/v2\/posts\/2959\/revisions"}],"predecessor-version":[{"id":2962,"href":"https:\/\/agora.xtec.cat\/escguillemisarn\/wp-json\/wp\/v2\/posts\/2959\/revisions\/2962"}],"wp:attachment":[{"href":"https:\/\/agora.xtec.cat\/escguillemisarn\/wp-json\/wp\/v2\/media?parent=2959"}],"wp:term":[{"taxonomy":"category","embeddable":true,"href":"https:\/\/agora.xtec.cat\/escguillemisarn\/wp-json\/wp\/v2\/categories?post=2959"},{"taxonomy":"post_tag","embeddable":true,"href":"https:\/\/agora.xtec.cat\/escguillemisarn\/wp-json\/wp\/v2\/tags?post=2959"}],"curies":[{"name":"wp","href":"https:\/\/api.w.org\/{rel}","templated":true}]}}