{"id":2952,"date":"2023-10-19T17:22:45","date_gmt":"2023-10-19T15:22:45","guid":{"rendered":"https:\/\/agora.xtec.cat\/escguillemisarn\/?p=2952"},"modified":"2023-11-14T13:37:18","modified_gmt":"2023-11-14T12:37:18","slug":"com-ha-anat-lescola","status":"publish","type":"post","link":"https:\/\/agora.xtec.cat\/escguillemisarn\/general\/com-ha-anat-lescola\/","title":{"rendered":"COM HA ANAT L\u00b4ESCOLA?"},"content":{"rendered":"<p><a href=\"https:\/\/agora.xtec.cat\/escguillemisarn\/wp-content\/uploads\/usu1631\/2023\/10\/1496908608769_DT201706080008_MG256296590.jpg\"><img loading=\"lazy\" decoding=\"async\" class=\"alignnone size-full wp-image-2957\" src=\"https:\/\/agora.xtec.cat\/escguillemisarn\/wp-content\/uploads\/usu1631\/2023\/10\/1496908608769_DT201706080008_MG256296590.jpg\" alt=\"\" width=\"919\" height=\"267\" srcset=\"https:\/\/agora.xtec.cat\/escguillemisarn\/wp-content\/uploads\/usu1631\/2023\/10\/1496908608769_DT201706080008_MG256296590.jpg 919w, https:\/\/agora.xtec.cat\/escguillemisarn\/wp-content\/uploads\/usu1631\/2023\/10\/1496908608769_DT201706080008_MG256296590-300x87.jpg 300w, https:\/\/agora.xtec.cat\/escguillemisarn\/wp-content\/uploads\/usu1631\/2023\/10\/1496908608769_DT201706080008_MG256296590-768x223.jpg 768w\" sizes=\"auto, (max-width: 919px) 100vw, 919px\" \/><\/a><\/p>\n<p><strong>Com ha anat avui a l\u2019escola?<\/strong>\u00a0Segurament aquesta \u00e9s la pregunta m\u00e9s freq\u00fcent i repetida per tots els pares i mares, cada tarda quan aneu a recollir els fills i filles a l\u2019escola (o quan arribeu a casa despr\u00e9s de treballar). Per\u00f2 la pregunta \u00e9s tant repetitiva com la seva resposat: \u201c<strong>Ha anat b\u00e9<\/strong>\u201d i aqu\u00ed s\u2019acaba la conversa.<\/p>\n<p>Els alumnes de 3r ja fa m\u00e9s d\u00b4un mes que compartim l\u00b4aula i en ella moltes viv\u00e8ncies i activitats amb els nostres companys i companyes.<\/p>\n<p>Doncs b\u00e9, aqu\u00ed us deixem algunes\u00a0 \u00a0 \u00a0<a href=\"https:\/\/photos.app.goo.gl\/BNqJQFhvqzLrUuqp8\">IMATGES<\/a> \u00a0 \u00a0 , a partir d\u00b4elles podem obrir un fil de conversa amb els nostres fills i filles perqu\u00e8 ens expliquin:<\/p>\n<ul>\n<li>Qu\u00e8 \u00e9s el tresor m\u00e9s valu\u00f3s? Per qu\u00e8? M\u00b4expliques quines activitats vau fer-hi?<\/li>\n<li>Endevina, endevina? Qu\u00e8 feu?<\/li>\n<li>Qui \u00e9s la cuqui? Per qu\u00e8 est\u00e0 aqu\u00ed? Qui hi ha al seu costat?<\/li>\n<li>Com \u00e9s que teniu aquest calendari?<\/li>\n<li>Qu\u00e8 feu en aquesta motxilla?<\/li>\n<li>&#8230;<\/li>\n<\/ul>\n<p>&nbsp;<\/p>\n<p>&nbsp;<\/p>\n<p>&nbsp;<\/p>\n","protected":false},"excerpt":{"rendered":"<p><a href=\"https:\/\/agora.xtec.cat\/escguillemisarn\/wp-content\/uploads\/usu1631\/2023\/10\/1496908608769_DT201706080008_MG256296590.jpg\"><\/a><br \/>\nCom ha anat avui a l\u2019escola?\u00a0Segurament aquesta \u00e9s la pregunta m\u00e9s freq\u00fcent i repetida per tots els pares i mares, cada tarda quan aneu a recollir els fills i filles a l\u2019escola (o quan arribeu a casa despr\u00e9s de treballar). Per\u00f2 la pregunta \u00e9s&hellip;  <a href=\"https:\/\/agora.xtec.cat\/escguillemisarn\/general\/com-ha-anat-lescola\/\" title=\"Read COM HA ANAT L\u00b4ESCOLA?\">Llegeix m\u00e9s\u00bb<\/a><\/p>\n","protected":false},"author":41,"featured_media":2957,"comment_status":"open","ping_status":"closed","sticky":false,"template":"","format":"standard","meta":{"_bbp_topic_count":0,"_bbp_reply_count":0,"_bbp_total_topic_count":0,"_bbp_total_reply_count":0,"_bbp_voice_count":0,"_bbp_anonymous_reply_count":0,"_bbp_topic_count_hidden":0,"_bbp_reply_count_hidden":0,"_bbp_forum_subforum_count":0,"footnotes":""},"categories":[72,1,4,5],"tags":[],"class_list":["post-2952","post","type-post","status-publish","format-standard","has-post-thumbnail","hentry","category-cm","category-general","category-portada","category-primaria"],"post_mailing_queue_ids":[],"_links":{"self":[{"href":"https:\/\/agora.xtec.cat\/escguillemisarn\/wp-json\/wp\/v2\/posts\/2952","targetHints":{"allow":["GET"]}}],"collection":[{"href":"https:\/\/agora.xtec.cat\/escguillemisarn\/wp-json\/wp\/v2\/posts"}],"about":[{"href":"https:\/\/agora.xtec.cat\/escguillemisarn\/wp-json\/wp\/v2\/types\/post"}],"author":[{"embeddable":true,"href":"https:\/\/agora.xtec.cat\/escguillemisarn\/wp-json\/wp\/v2\/users\/41"}],"replies":[{"embeddable":true,"href":"https:\/\/agora.xtec.cat\/escguillemisarn\/wp-json\/wp\/v2\/comments?post=2952"}],"version-history":[{"count":3,"href":"https:\/\/agora.xtec.cat\/escguillemisarn\/wp-json\/wp\/v2\/posts\/2952\/revisions"}],"predecessor-version":[{"id":2958,"href":"https:\/\/agora.xtec.cat\/escguillemisarn\/wp-json\/wp\/v2\/posts\/2952\/revisions\/2958"}],"wp:featuredmedia":[{"embeddable":true,"href":"https:\/\/agora.xtec.cat\/escguillemisarn\/wp-json\/wp\/v2\/media\/2957"}],"wp:attachment":[{"href":"https:\/\/agora.xtec.cat\/escguillemisarn\/wp-json\/wp\/v2\/media?parent=2952"}],"wp:term":[{"taxonomy":"category","embeddable":true,"href":"https:\/\/agora.xtec.cat\/escguillemisarn\/wp-json\/wp\/v2\/categories?post=2952"},{"taxonomy":"post_tag","embeddable":true,"href":"https:\/\/agora.xtec.cat\/escguillemisarn\/wp-json\/wp\/v2\/tags?post=2952"}],"curies":[{"name":"wp","href":"https:\/\/api.w.org\/{rel}","templated":true}]}}