{"id":2946,"date":"2023-10-19T09:07:45","date_gmt":"2023-10-19T07:07:45","guid":{"rendered":"https:\/\/agora.xtec.cat\/escguillemisarn\/?p=2946"},"modified":"2023-10-19T15:57:44","modified_gmt":"2023-10-19T13:57:44","slug":"fonendoscopi","status":"publish","type":"post","link":"https:\/\/agora.xtec.cat\/escguillemisarn\/general\/fonendoscopi\/","title":{"rendered":"FONENDOSCOPI"},"content":{"rendered":"<p><a href=\"https:\/\/agora.xtec.cat\/escguillemisarn\/wp-content\/uploads\/usu1631\/2023\/10\/pexels-photo-12512676-scaled.jpeg\"><img loading=\"lazy\" decoding=\"async\" class=\"alignnone wp-image-2947\" src=\"https:\/\/agora.xtec.cat\/escguillemisarn\/wp-content\/uploads\/usu1631\/2023\/10\/pexels-photo-12512676-1024x683.jpeg\" alt=\"\" width=\"468\" height=\"312\" srcset=\"https:\/\/agora.xtec.cat\/escguillemisarn\/wp-content\/uploads\/usu1631\/2023\/10\/pexels-photo-12512676-1024x683.jpeg 1024w, https:\/\/agora.xtec.cat\/escguillemisarn\/wp-content\/uploads\/usu1631\/2023\/10\/pexels-photo-12512676-300x200.jpeg 300w, https:\/\/agora.xtec.cat\/escguillemisarn\/wp-content\/uploads\/usu1631\/2023\/10\/pexels-photo-12512676-768x512.jpeg 768w, https:\/\/agora.xtec.cat\/escguillemisarn\/wp-content\/uploads\/usu1631\/2023\/10\/pexels-photo-12512676-1536x1024.jpeg 1536w, https:\/\/agora.xtec.cat\/escguillemisarn\/wp-content\/uploads\/usu1631\/2023\/10\/pexels-photo-12512676-2048x1365.jpeg 2048w\" sizes=\"auto, (max-width: 468px) 100vw, 468px\" \/><\/a><\/p>\n<p>Els alumnes de 3r hem estat treballant &#8220;LES PERSONES&#8221; a l\u00b4\u00e0rea de coneixement del medi: les seves funcions vitals, el cos per fora i per dins, les etapes de la vida i la import\u00e0ncia dels h\u00e0bits saludables. Avui hem coronat tots aquests sabers fent \u00e8mfasi al COR i els PULMONS.\u00a0 Per aix\u00f2, ens hem escoltat els batecs del cor i el so de l\u00b4aire al passar pels pulmons amb fonendoscopis.<\/p>\n<p>Ha estat incre\u00efble poder escoltar els batecs dels nostres companys i companyes de classe.<\/p>\n<p>Aqu\u00ed us deixem les\u00a0 <a href=\"https:\/\/photos.app.goo.gl\/gzRvbWdQ3zKpaUaFA\">FOTOS<\/a> en les quals les cares parlen per si soles.<\/p>\n","protected":false},"excerpt":{"rendered":"<p><a href=\"https:\/\/agora.xtec.cat\/escguillemisarn\/wp-content\/uploads\/usu1631\/2023\/10\/pexels-photo-12512676-scaled.jpeg\"><\/a><br \/>\nEls alumnes de 3r hem estat treballant &#8220;LES PERSONES&#8221; a l\u00b4\u00e0rea de coneixement del medi: les seves funcions vitals, el cos per fora i per dins, les etapes de la vida i la import\u00e0ncia dels h\u00e0bits saludables. Avui hem coronat tots aquests sabers fent&hellip;  <a href=\"https:\/\/agora.xtec.cat\/escguillemisarn\/general\/fonendoscopi\/\" title=\"Read FONENDOSCOPI\">Llegeix m\u00e9s\u00bb<\/a><\/p>\n","protected":false},"author":41,"featured_media":2947,"comment_status":"open","ping_status":"closed","sticky":false,"template":"","format":"standard","meta":{"_bbp_topic_count":0,"_bbp_reply_count":0,"_bbp_total_topic_count":0,"_bbp_total_reply_count":0,"_bbp_voice_count":0,"_bbp_anonymous_reply_count":0,"_bbp_topic_count_hidden":0,"_bbp_reply_count_hidden":0,"_bbp_forum_subforum_count":0,"footnotes":""},"categories":[72,1,5],"tags":[],"class_list":["post-2946","post","type-post","status-publish","format-standard","has-post-thumbnail","hentry","category-cm","category-general","category-primaria"],"post_mailing_queue_ids":[],"_links":{"self":[{"href":"https:\/\/agora.xtec.cat\/escguillemisarn\/wp-json\/wp\/v2\/posts\/2946","targetHints":{"allow":["GET"]}}],"collection":[{"href":"https:\/\/agora.xtec.cat\/escguillemisarn\/wp-json\/wp\/v2\/posts"}],"about":[{"href":"https:\/\/agora.xtec.cat\/escguillemisarn\/wp-json\/wp\/v2\/types\/post"}],"author":[{"embeddable":true,"href":"https:\/\/agora.xtec.cat\/escguillemisarn\/wp-json\/wp\/v2\/users\/41"}],"replies":[{"embeddable":true,"href":"https:\/\/agora.xtec.cat\/escguillemisarn\/wp-json\/wp\/v2\/comments?post=2946"}],"version-history":[{"count":2,"href":"https:\/\/agora.xtec.cat\/escguillemisarn\/wp-json\/wp\/v2\/posts\/2946\/revisions"}],"predecessor-version":[{"id":2956,"href":"https:\/\/agora.xtec.cat\/escguillemisarn\/wp-json\/wp\/v2\/posts\/2946\/revisions\/2956"}],"wp:featuredmedia":[{"embeddable":true,"href":"https:\/\/agora.xtec.cat\/escguillemisarn\/wp-json\/wp\/v2\/media\/2947"}],"wp:attachment":[{"href":"https:\/\/agora.xtec.cat\/escguillemisarn\/wp-json\/wp\/v2\/media?parent=2946"}],"wp:term":[{"taxonomy":"category","embeddable":true,"href":"https:\/\/agora.xtec.cat\/escguillemisarn\/wp-json\/wp\/v2\/categories?post=2946"},{"taxonomy":"post_tag","embeddable":true,"href":"https:\/\/agora.xtec.cat\/escguillemisarn\/wp-json\/wp\/v2\/tags?post=2946"}],"curies":[{"name":"wp","href":"https:\/\/api.w.org\/{rel}","templated":true}]}}