{"id":2943,"date":"2023-10-10T10:13:39","date_gmt":"2023-10-10T08:13:39","guid":{"rendered":"https:\/\/agora.xtec.cat\/escguillemisarn\/?p=2943"},"modified":"2023-10-10T10:13:39","modified_gmt":"2023-10-10T08:13:39","slug":"jornada-esportiva-al-parc-de-sant-eloi-de-tarrega-2","status":"publish","type":"post","link":"https:\/\/agora.xtec.cat\/escguillemisarn\/general\/jornada-esportiva-al-parc-de-sant-eloi-de-tarrega-2\/","title":{"rendered":"Jornada esportiva al parc de Sant Eloi de T\u00e0rrega"},"content":{"rendered":"<p><a href=\"https:\/\/agora.xtec.cat\/escguillemisarn\/wp-content\/uploads\/usu1631\/2023\/10\/jornada.png\"><img loading=\"lazy\" decoding=\"async\" class=\"size-full wp-image-2944 alignleft\" src=\"https:\/\/agora.xtec.cat\/escguillemisarn\/wp-content\/uploads\/usu1631\/2023\/10\/jornada.png\" alt=\"\" width=\"261\" height=\"184\" \/><\/a>Des de l&#8217;\u00e0rea d&#8217;educaci\u00f3 f\u00edsica s&#8217;ha participat a la trobada esportiva al Parc de Sant Eloi de T\u00e0rrega. \u00c9s una jornada que s&#8217;organitza des del seminari d&#8217;educaci\u00f3 f\u00edsica en el que hi assisteixen els docents d&#8217;aquesta mat\u00e8ria i pret\u00e9n fomentar l&#8217;activitat f\u00edsica a nivell de comarca, ja que hi participen tot l&#8217;alumnat de cinqu\u00e8 i sis\u00e8 de les escoles de l&#8217;Urgell. Amb m\u00e9s de mig miler d&#8217;alumnes es programen una desena de jocs en els que els infants van passant i gaudint, tot fent-ho amb alumnat d&#8217;altres centres educatius, creant una xarxa d&#8217;amistat i social important.<\/p>\n<p>Si voleu veure&#8217;n algunes imatges, aqu\u00ed us les deixem:\u00a0<a href=\"https:\/\/photos.app.goo.gl\/NCfUrBptpACs9SXJ7\">https:\/\/photos.app.goo.gl\/NCfUrBptpACs9SXJ7<\/a><\/p>\n","protected":false},"excerpt":{"rendered":"<p><a href=\"https:\/\/agora.xtec.cat\/escguillemisarn\/wp-content\/uploads\/usu1631\/2023\/10\/jornada.png\"><\/a>Des de l&#8217;\u00e0rea d&#8217;educaci\u00f3 f\u00edsica s&#8217;ha participat a la trobada esportiva al Parc de Sant Eloi de T\u00e0rrega. \u00c9s una jornada que s&#8217;organitza des del seminari d&#8217;educaci\u00f3 f\u00edsica en el que hi assisteixen els docents d&#8217;aquesta mat\u00e8ria i pret\u00e9n fomentar l&#8217;activitat f\u00edsica a nivell&hellip;  <a href=\"https:\/\/agora.xtec.cat\/escguillemisarn\/general\/jornada-esportiva-al-parc-de-sant-eloi-de-tarrega-2\/\" title=\"Read Jornada esportiva al parc de Sant Eloi de T\u00e0rrega\">Llegeix m\u00e9s\u00bb<\/a><\/p>\n","protected":false},"author":1,"featured_media":0,"comment_status":"open","ping_status":"closed","sticky":false,"template":"","format":"standard","meta":{"_bbp_topic_count":0,"_bbp_reply_count":0,"_bbp_total_topic_count":0,"_bbp_total_reply_count":0,"_bbp_voice_count":0,"_bbp_anonymous_reply_count":0,"_bbp_topic_count_hidden":0,"_bbp_reply_count_hidden":0,"_bbp_forum_subforum_count":0,"footnotes":""},"categories":[73,1,4],"tags":[],"class_list":["post-2943","post","type-post","status-publish","format-standard","hentry","category-cs","category-general","category-portada"],"post_mailing_queue_ids":[],"_links":{"self":[{"href":"https:\/\/agora.xtec.cat\/escguillemisarn\/wp-json\/wp\/v2\/posts\/2943","targetHints":{"allow":["GET"]}}],"collection":[{"href":"https:\/\/agora.xtec.cat\/escguillemisarn\/wp-json\/wp\/v2\/posts"}],"about":[{"href":"https:\/\/agora.xtec.cat\/escguillemisarn\/wp-json\/wp\/v2\/types\/post"}],"author":[{"embeddable":true,"href":"https:\/\/agora.xtec.cat\/escguillemisarn\/wp-json\/wp\/v2\/users\/1"}],"replies":[{"embeddable":true,"href":"https:\/\/agora.xtec.cat\/escguillemisarn\/wp-json\/wp\/v2\/comments?post=2943"}],"version-history":[{"count":1,"href":"https:\/\/agora.xtec.cat\/escguillemisarn\/wp-json\/wp\/v2\/posts\/2943\/revisions"}],"predecessor-version":[{"id":2945,"href":"https:\/\/agora.xtec.cat\/escguillemisarn\/wp-json\/wp\/v2\/posts\/2943\/revisions\/2945"}],"wp:attachment":[{"href":"https:\/\/agora.xtec.cat\/escguillemisarn\/wp-json\/wp\/v2\/media?parent=2943"}],"wp:term":[{"taxonomy":"category","embeddable":true,"href":"https:\/\/agora.xtec.cat\/escguillemisarn\/wp-json\/wp\/v2\/categories?post=2943"},{"taxonomy":"post_tag","embeddable":true,"href":"https:\/\/agora.xtec.cat\/escguillemisarn\/wp-json\/wp\/v2\/tags?post=2943"}],"curies":[{"name":"wp","href":"https:\/\/api.w.org\/{rel}","templated":true}]}}