{"id":2940,"date":"2023-10-06T15:28:46","date_gmt":"2023-10-06T13:28:46","guid":{"rendered":"https:\/\/agora.xtec.cat\/escguillemisarn\/?p=2940"},"modified":"2023-10-06T15:28:46","modified_gmt":"2023-10-06T13:28:46","slug":"trobades-intergeneracionals","status":"publish","type":"post","link":"https:\/\/agora.xtec.cat\/escguillemisarn\/general\/trobades-intergeneracionals\/","title":{"rendered":"Trobades intergeneracionals"},"content":{"rendered":"<p>Aquest dijous l&#8217;alumnat de 5\u00e8 va fer la primera de les 5 trobades intergeneracionals del trimestre amb les i els usuaris de la Resid\u00e8ncia de La Fuliola i Bold\u00fa en el marc del seu treball vivencial referent a l&#8217;assignatura de valors.<\/p>\n<p>Amb aquestes, es treballa tant el voluntariat com la col\u00b7laboraci\u00f3 amb la societat per tal d&#8217;establir lla\u00e7os que vagin m\u00e9s enll\u00e0 de les edats.<\/p>\n<p>Aquesta primera trobada, aprofitant les agradables temperatures, ha estat dedicada al joc a l&#8217;exterior. L&#8217;alumnat, juntament amb les \u00e0vies i els avis, han pogut compartir una jornada d&#8217;uns esports tan tradicionals com s\u00f3n les bitlles i de petanca.<\/p>\n<p>Aqu\u00ed en podeu veure un recull fotogr\u00e0fic:<\/p>\n<p><a href=\"https:\/\/photos.app.goo.gl\/Vk4tNTCeD82Ag4Sg9\">https:\/\/photos.app.goo.gl\/Vk4tNTCeD82Ag4Sg9<\/a><\/p>\n<p>Ara toca esperar la seg\u00fcent trobada, que preparem amb moltes ganes!<\/p>\n","protected":false},"excerpt":{"rendered":"<p>Aquest dijous l&#8217;alumnat de 5\u00e8 va fer la primera de les 5 trobades intergeneracionals del trimestre amb les i els usuaris de la Resid\u00e8ncia de La Fuliola i Bold\u00fa en el marc del seu treball vivencial referent a l&#8217;assignatura de valors.<br \/>\nAmb aquestes, es treballa tant&hellip;  <a href=\"https:\/\/agora.xtec.cat\/escguillemisarn\/general\/trobades-intergeneracionals\/\" title=\"Read Trobades intergeneracionals\">Llegeix m\u00e9s\u00bb<\/a><\/p>\n","protected":false},"author":7,"featured_media":2941,"comment_status":"open","ping_status":"closed","sticky":false,"template":"","format":"standard","meta":{"_bbp_topic_count":0,"_bbp_reply_count":0,"_bbp_total_topic_count":0,"_bbp_total_reply_count":0,"_bbp_voice_count":0,"_bbp_anonymous_reply_count":0,"_bbp_topic_count_hidden":0,"_bbp_reply_count_hidden":0,"_bbp_forum_subforum_count":0,"footnotes":""},"categories":[73,1,4,5],"tags":[],"class_list":["post-2940","post","type-post","status-publish","format-standard","has-post-thumbnail","hentry","category-cs","category-general","category-portada","category-primaria"],"post_mailing_queue_ids":[],"_links":{"self":[{"href":"https:\/\/agora.xtec.cat\/escguillemisarn\/wp-json\/wp\/v2\/posts\/2940","targetHints":{"allow":["GET"]}}],"collection":[{"href":"https:\/\/agora.xtec.cat\/escguillemisarn\/wp-json\/wp\/v2\/posts"}],"about":[{"href":"https:\/\/agora.xtec.cat\/escguillemisarn\/wp-json\/wp\/v2\/types\/post"}],"author":[{"embeddable":true,"href":"https:\/\/agora.xtec.cat\/escguillemisarn\/wp-json\/wp\/v2\/users\/7"}],"replies":[{"embeddable":true,"href":"https:\/\/agora.xtec.cat\/escguillemisarn\/wp-json\/wp\/v2\/comments?post=2940"}],"version-history":[{"count":1,"href":"https:\/\/agora.xtec.cat\/escguillemisarn\/wp-json\/wp\/v2\/posts\/2940\/revisions"}],"predecessor-version":[{"id":2942,"href":"https:\/\/agora.xtec.cat\/escguillemisarn\/wp-json\/wp\/v2\/posts\/2940\/revisions\/2942"}],"wp:featuredmedia":[{"embeddable":true,"href":"https:\/\/agora.xtec.cat\/escguillemisarn\/wp-json\/wp\/v2\/media\/2941"}],"wp:attachment":[{"href":"https:\/\/agora.xtec.cat\/escguillemisarn\/wp-json\/wp\/v2\/media?parent=2940"}],"wp:term":[{"taxonomy":"category","embeddable":true,"href":"https:\/\/agora.xtec.cat\/escguillemisarn\/wp-json\/wp\/v2\/categories?post=2940"},{"taxonomy":"post_tag","embeddable":true,"href":"https:\/\/agora.xtec.cat\/escguillemisarn\/wp-json\/wp\/v2\/tags?post=2940"}],"curies":[{"name":"wp","href":"https:\/\/api.w.org\/{rel}","templated":true}]}}