{"id":2936,"date":"2023-10-06T15:47:53","date_gmt":"2023-10-06T13:47:53","guid":{"rendered":"https:\/\/agora.xtec.cat\/escguillemisarn\/?p=2936"},"modified":"2023-10-06T15:47:53","modified_gmt":"2023-10-06T13:47:53","slug":"els-tallers-dels-divendres-que-comenci-lespectacle","status":"publish","type":"post","link":"https:\/\/agora.xtec.cat\/escguillemisarn\/general\/els-tallers-dels-divendres-que-comenci-lespectacle\/","title":{"rendered":"Els TALLERS dels divendres, que comenci l&#8217;espectacle!!!"},"content":{"rendered":"<p>I per espectacle, les cares dels nostres infants plenes d&#8217;il\u00b7lusi\u00f3 i entusiasme per saber a quin taller aniran!!! Quin goig veure&#8217;ls les carones amb els ulls ben oberts per a l&#8217;aprenentatge. Els TALLERS dels divendres comencen a ser un segell d&#8217;identitat de la nostra escola, una forma d&#8217;organitzar-nos i ensenyar diferent, que aporta motivaci\u00f3 i una manera d&#8217;aprendre molt vivencial. Gr\u00e0cies a les hores de gesti\u00f3 aut\u00f2noma que permet el curr\u00edculum ja fa dos cursos que vam dissenyar aquesta nova metodologia i manera d&#8217;organitzar-nos a l&#8217;escola. La recepci\u00f3 per part de l&#8217;alumnat i per part de la comunitat educativa ha estat un \u00e8xit, per aquest motiu, aquest curs, repetim! Nous tallers, noves viv\u00e8ncies i nous reptes; que fan dels divendres a la tarda un moment que ning\u00fa es vol perdre.<\/p>\n<p>Aquest curs tenim els seg\u00fcent TALLERS:<\/p>\n<p><a href=\"https:\/\/agora.xtec.cat\/escguillemisarn\/wp-content\/uploads\/usu1631\/2023\/10\/lighit-e1463739357602.jpg\"><img loading=\"lazy\" decoding=\"async\" class=\" wp-image-2937 alignleft\" src=\"https:\/\/agora.xtec.cat\/escguillemisarn\/wp-content\/uploads\/usu1631\/2023\/10\/lighit-e1463739357602.jpg\" alt=\"\" width=\"463\" height=\"465\" srcset=\"https:\/\/agora.xtec.cat\/escguillemisarn\/wp-content\/uploads\/usu1631\/2023\/10\/lighit-e1463739357602.jpg 862w, https:\/\/agora.xtec.cat\/escguillemisarn\/wp-content\/uploads\/usu1631\/2023\/10\/lighit-e1463739357602-300x300.jpg 300w, https:\/\/agora.xtec.cat\/escguillemisarn\/wp-content\/uploads\/usu1631\/2023\/10\/lighit-e1463739357602-150x150.jpg 150w, https:\/\/agora.xtec.cat\/escguillemisarn\/wp-content\/uploads\/usu1631\/2023\/10\/lighit-e1463739357602-768x771.jpg 768w\" sizes=\"auto, (max-width: 463px) 100vw, 463px\" \/><\/a>\u00b7 Taller de l&#8217;aula sensorial.<\/p>\n<p>\u00b7 Taller musitrivial.<\/p>\n<p>\u00b7 Taller de l\u00f2gica i estrat\u00e8gia.<\/p>\n<p>\u00b7 Taller de teatre &#8220;A escena!&#8221;.<\/p>\n<p>\u00b7 Taller en angl\u00e8s Little chef.<\/p>\n<p>\u00b7 Taller de reptes d&#8217;educaci\u00f3 f\u00edsica.<\/p>\n<p>\u00b7 Taller de l&#8217;hort.<\/p>\n<p>\u00b7 Taller d&#8217;experiments.<\/p>\n<p>\u00b7 Taller en angl\u00e8s &#8220;Dance and yoga for kids&#8221;.<\/p>\n<p>\u00b7 Taller d&#8217;autoretrats.<\/p>\n<p>\u00b7 Taller sobre els Objectius de Desenvolupament Sostenible (ODS).<\/p>\n<p>Us deixem unes quantes fotos del primer dia dels TALLERS dels divendres d&#8217;aquest curs:\u00a0<a href=\"https:\/\/photos.app.goo.gl\/QhmnBz61zeQbqvWY7\">https:\/\/photos.app.goo.gl\/QhmnBz61zeQbqvWY7<\/a><\/p>\n","protected":false},"excerpt":{"rendered":"<p>I per espectacle, les cares dels nostres infants plenes d&#8217;il\u00b7lusi\u00f3 i entusiasme per saber a quin taller aniran!!! Quin goig veure&#8217;ls les carones amb els ulls ben oberts per a l&#8217;aprenentatge. Els TALLERS dels divendres comencen a ser un segell d&#8217;identitat de la nostra escola,&hellip;  <a href=\"https:\/\/agora.xtec.cat\/escguillemisarn\/general\/els-tallers-dels-divendres-que-comenci-lespectacle\/\" title=\"Read Els TALLERS dels divendres, que comenci l&#8217;espectacle!!!\">Llegeix m\u00e9s\u00bb<\/a><\/p>\n","protected":false},"author":1,"featured_media":0,"comment_status":"open","ping_status":"closed","sticky":false,"template":"","format":"standard","meta":{"_bbp_topic_count":0,"_bbp_reply_count":0,"_bbp_total_topic_count":0,"_bbp_total_reply_count":0,"_bbp_voice_count":0,"_bbp_anonymous_reply_count":0,"_bbp_topic_count_hidden":0,"_bbp_reply_count_hidden":0,"_bbp_forum_subforum_count":0,"footnotes":""},"categories":[71,72,73,1,2,4,5],"tags":[],"class_list":["post-2936","post","type-post","status-publish","format-standard","hentry","category-ci","category-cm","category-cs","category-general","category-infantil","category-portada","category-primaria"],"post_mailing_queue_ids":[],"_links":{"self":[{"href":"https:\/\/agora.xtec.cat\/escguillemisarn\/wp-json\/wp\/v2\/posts\/2936","targetHints":{"allow":["GET"]}}],"collection":[{"href":"https:\/\/agora.xtec.cat\/escguillemisarn\/wp-json\/wp\/v2\/posts"}],"about":[{"href":"https:\/\/agora.xtec.cat\/escguillemisarn\/wp-json\/wp\/v2\/types\/post"}],"author":[{"embeddable":true,"href":"https:\/\/agora.xtec.cat\/escguillemisarn\/wp-json\/wp\/v2\/users\/1"}],"replies":[{"embeddable":true,"href":"https:\/\/agora.xtec.cat\/escguillemisarn\/wp-json\/wp\/v2\/comments?post=2936"}],"version-history":[{"count":2,"href":"https:\/\/agora.xtec.cat\/escguillemisarn\/wp-json\/wp\/v2\/posts\/2936\/revisions"}],"predecessor-version":[{"id":2939,"href":"https:\/\/agora.xtec.cat\/escguillemisarn\/wp-json\/wp\/v2\/posts\/2936\/revisions\/2939"}],"wp:attachment":[{"href":"https:\/\/agora.xtec.cat\/escguillemisarn\/wp-json\/wp\/v2\/media?parent=2936"}],"wp:term":[{"taxonomy":"category","embeddable":true,"href":"https:\/\/agora.xtec.cat\/escguillemisarn\/wp-json\/wp\/v2\/categories?post=2936"},{"taxonomy":"post_tag","embeddable":true,"href":"https:\/\/agora.xtec.cat\/escguillemisarn\/wp-json\/wp\/v2\/tags?post=2936"}],"curies":[{"name":"wp","href":"https:\/\/api.w.org\/{rel}","templated":true}]}}