{"id":2933,"date":"2023-10-06T09:07:51","date_gmt":"2023-10-06T07:07:51","guid":{"rendered":"https:\/\/agora.xtec.cat\/escguillemisarn\/?p=2933"},"modified":"2023-10-06T09:07:51","modified_gmt":"2023-10-06T07:07:51","slug":"la-diabetis-a-la-nostra-escola","status":"publish","type":"post","link":"https:\/\/agora.xtec.cat\/escguillemisarn\/general\/la-diabetis-a-la-nostra-escola\/","title":{"rendered":"La diabetis a la nostra escola"},"content":{"rendered":"<p>L<a href=\"https:\/\/agora.xtec.cat\/escguillemisarn\/wp-content\/uploads\/usu1631\/2023\/10\/poster-noticia.jpg\"><img loading=\"lazy\" decoding=\"async\" class=\"size-full wp-image-2934 alignleft\" src=\"https:\/\/agora.xtec.cat\/escguillemisarn\/wp-content\/uploads\/usu1631\/2023\/10\/poster-noticia.jpg\" alt=\"\" width=\"400\" height=\"263\" srcset=\"https:\/\/agora.xtec.cat\/escguillemisarn\/wp-content\/uploads\/usu1631\/2023\/10\/poster-noticia.jpg 400w, https:\/\/agora.xtec.cat\/escguillemisarn\/wp-content\/uploads\/usu1631\/2023\/10\/poster-noticia-300x197.jpg 300w\" sizes=\"auto, (max-width: 400px) 100vw, 400px\" \/><\/a>a diabetis \u00e9s, en el nostre \u00e0mbit, una de les malalties cr\u00f2niques m\u00e9s freq\u00fcents en la inf\u00e0ncia i l&#8217;adolesc\u00e8ncia. El Registre de diabetis de Catalunya, en funcionament des de l&#8217;any 1987, ens indica que, cada any, 120-140 persones menors de catorze anys presenten aquesta malaltia, de les quals 15-20 tenen menys de cinc anys en el moment del diagn\u00f2stic.<\/p>\n<p>L&#8217;escola \u00e9s un dels \u00e0mbits m\u00e9s importants per als infants i adolescents, i \u00e9s on passen la major part del dia. Per tant, \u00e9s convenient que el professorat estigui informat sobre la malaltia. Aix\u00f2 permetr\u00e0 ajudar els nens i nenes a superar les possibles barreres i a evitar les discriminacions que hi pugui haver. Els mestres han de saber qu\u00e8 \u00e9s la diabetis, quins s\u00f3n els s\u00edmptomes d&#8217;una hipogluc\u00e8mia i la manera de resoldre-la. Tamb\u00e9 han de saber que, en ocasions, l&#8217;infant o el jove pot necessitar menjar o beure a deshora, durant la classe. \u00c9s important que ho pugui fer sense impediments ni protagonismes, al mateix temps que cal que els altres companys en s\u00e0piguen els motius des del comen\u00e7ament.<\/p>\n<p>Per tot aix\u00f2, vam comptar amb la formaci\u00f3 impartida per la Laura, infermera del CAP de T\u00e0rrega, que ens va ensenyar les caracter\u00edstiques, signes i com actuar davant de situacions que es poden donar en qualsevol pacient diab\u00e8tic i en un entorn escolar.<\/p>\n<p>Volem AGRAIR amb maj\u00fascules tota la dedicaci\u00f3 que ens va oferir i la manera que va tenir d&#8217;explicar-nos-ho. Moltes gr\u00e0cies, Laura!<\/p>\n<p>Podeu veure algunes fotos de la formaci\u00f3 en aquest enlla\u00e7:\u00a0<a href=\"https:\/\/photos.app.goo.gl\/ub9ZVMQWV88FAFm7A\">https:\/\/photos.app.goo.gl\/ub9ZVMQWV88FAFm7A<\/a><\/p>\n","protected":false},"excerpt":{"rendered":"<p>L<a href=\"https:\/\/agora.xtec.cat\/escguillemisarn\/wp-content\/uploads\/usu1631\/2023\/10\/poster-noticia.jpg\"><\/a>a diabetis \u00e9s, en el nostre \u00e0mbit, una de les malalties cr\u00f2niques m\u00e9s freq\u00fcents en la inf\u00e0ncia i l&#8217;adolesc\u00e8ncia. El Registre de diabetis de Catalunya, en funcionament des de l&#8217;any 1987, ens indica que, cada any, 120-140 persones menors de catorze anys presenten aquesta&hellip;  <a href=\"https:\/\/agora.xtec.cat\/escguillemisarn\/general\/la-diabetis-a-la-nostra-escola\/\" title=\"Read La diabetis a la nostra escola\">Llegeix m\u00e9s\u00bb<\/a><\/p>\n","protected":false},"author":1,"featured_media":0,"comment_status":"open","ping_status":"closed","sticky":false,"template":"","format":"standard","meta":{"_bbp_topic_count":0,"_bbp_reply_count":0,"_bbp_total_topic_count":0,"_bbp_total_reply_count":0,"_bbp_voice_count":0,"_bbp_anonymous_reply_count":0,"_bbp_topic_count_hidden":0,"_bbp_reply_count_hidden":0,"_bbp_forum_subforum_count":0,"footnotes":""},"categories":[71,72,73,1,2,4,5],"tags":[],"class_list":["post-2933","post","type-post","status-publish","format-standard","hentry","category-ci","category-cm","category-cs","category-general","category-infantil","category-portada","category-primaria"],"post_mailing_queue_ids":[],"_links":{"self":[{"href":"https:\/\/agora.xtec.cat\/escguillemisarn\/wp-json\/wp\/v2\/posts\/2933","targetHints":{"allow":["GET"]}}],"collection":[{"href":"https:\/\/agora.xtec.cat\/escguillemisarn\/wp-json\/wp\/v2\/posts"}],"about":[{"href":"https:\/\/agora.xtec.cat\/escguillemisarn\/wp-json\/wp\/v2\/types\/post"}],"author":[{"embeddable":true,"href":"https:\/\/agora.xtec.cat\/escguillemisarn\/wp-json\/wp\/v2\/users\/1"}],"replies":[{"embeddable":true,"href":"https:\/\/agora.xtec.cat\/escguillemisarn\/wp-json\/wp\/v2\/comments?post=2933"}],"version-history":[{"count":1,"href":"https:\/\/agora.xtec.cat\/escguillemisarn\/wp-json\/wp\/v2\/posts\/2933\/revisions"}],"predecessor-version":[{"id":2935,"href":"https:\/\/agora.xtec.cat\/escguillemisarn\/wp-json\/wp\/v2\/posts\/2933\/revisions\/2935"}],"wp:attachment":[{"href":"https:\/\/agora.xtec.cat\/escguillemisarn\/wp-json\/wp\/v2\/media?parent=2933"}],"wp:term":[{"taxonomy":"category","embeddable":true,"href":"https:\/\/agora.xtec.cat\/escguillemisarn\/wp-json\/wp\/v2\/categories?post=2933"},{"taxonomy":"post_tag","embeddable":true,"href":"https:\/\/agora.xtec.cat\/escguillemisarn\/wp-json\/wp\/v2\/tags?post=2933"}],"curies":[{"name":"wp","href":"https:\/\/api.w.org\/{rel}","templated":true}]}}