{"id":2923,"date":"2023-09-07T15:46:07","date_gmt":"2023-09-07T13:46:07","guid":{"rendered":"https:\/\/agora.xtec.cat\/escguillemisarn\/?p=2923"},"modified":"2023-09-07T15:46:07","modified_gmt":"2023-09-07T13:46:07","slug":"bona-diada","status":"publish","type":"post","link":"https:\/\/agora.xtec.cat\/escguillemisarn\/general\/bona-diada\/","title":{"rendered":"BONA DIADA !"},"content":{"rendered":"<p><a href=\"https:\/\/agora.xtec.cat\/escguillemisarn\/wp-content\/uploads\/usu1631\/2023\/09\/el-meu-accent.png\"><img loading=\"lazy\" decoding=\"async\" class=\" wp-image-2924 aligncenter\" src=\"https:\/\/agora.xtec.cat\/escguillemisarn\/wp-content\/uploads\/usu1631\/2023\/09\/el-meu-accent-723x1024.png\" alt=\"\" width=\"288\" height=\"408\" srcset=\"https:\/\/agora.xtec.cat\/escguillemisarn\/wp-content\/uploads\/usu1631\/2023\/09\/el-meu-accent-723x1024.png 723w, https:\/\/agora.xtec.cat\/escguillemisarn\/wp-content\/uploads\/usu1631\/2023\/09\/el-meu-accent-212x300.png 212w, https:\/\/agora.xtec.cat\/escguillemisarn\/wp-content\/uploads\/usu1631\/2023\/09\/el-meu-accent-768x1088.png 768w, https:\/\/agora.xtec.cat\/escguillemisarn\/wp-content\/uploads\/usu1631\/2023\/09\/el-meu-accent-1084x1536.png 1084w, https:\/\/agora.xtec.cat\/escguillemisarn\/wp-content\/uploads\/usu1631\/2023\/09\/el-meu-accent-1446x2048.png 1446w, https:\/\/agora.xtec.cat\/escguillemisarn\/wp-content\/uploads\/usu1631\/2023\/09\/el-meu-accent.png 1764w\" sizes=\"auto, (max-width: 288px) 100vw, 288px\" \/><\/a><\/p>\n<p>Enguany, per commemorar la Diada Nacional de Catalunya el proper 11 de setembre, la Generalitat de Catalunya ha escollit posar l\u2019accent en el catal\u00e0. Per aquest motiu, al ser la llengua vehicular de l&#8217;escola i un \u00e0mbit ling\u00fc\u00edstic que es treballa amb els alumnes volem afegir-nos en la difusi\u00f3 del del cartell. Celebrem una llengua viva i vibrant. Reivindiquem una llengua que rebrota, creix i s\u2019enforteix fins i tot en les circumst\u00e0ncies m\u00e9s adverses. Una Diada amb molts accents. Una llengua per formar\u00a0part d\u2019un pa\u00eds, una llengua compartida, una llengua\u00a0d\u2019acollida, una llengua nacional.<\/p>\n","protected":false},"excerpt":{"rendered":"<p><a href=\"https:\/\/agora.xtec.cat\/escguillemisarn\/wp-content\/uploads\/usu1631\/2023\/09\/el-meu-accent.png\"><\/a><br \/>\nEnguany, per commemorar la Diada Nacional de Catalunya el proper 11 de setembre, la Generalitat de Catalunya ha escollit posar l\u2019accent en el catal\u00e0. Per aquest motiu, al ser la llengua vehicular de l&#8217;escola i un \u00e0mbit ling\u00fc\u00edstic que es treballa amb els alumnes&hellip;  <a href=\"https:\/\/agora.xtec.cat\/escguillemisarn\/general\/bona-diada\/\" title=\"Read BONA DIADA !\">Llegeix m\u00e9s\u00bb<\/a><\/p>\n","protected":false},"author":1,"featured_media":0,"comment_status":"open","ping_status":"closed","sticky":false,"template":"","format":"standard","meta":{"_bbp_topic_count":0,"_bbp_reply_count":0,"_bbp_total_topic_count":0,"_bbp_total_reply_count":0,"_bbp_voice_count":0,"_bbp_anonymous_reply_count":0,"_bbp_topic_count_hidden":0,"_bbp_reply_count_hidden":0,"_bbp_forum_subforum_count":0,"footnotes":""},"categories":[71,72,73,1,2,4,5],"tags":[],"class_list":["post-2923","post","type-post","status-publish","format-standard","hentry","category-ci","category-cm","category-cs","category-general","category-infantil","category-portada","category-primaria"],"post_mailing_queue_ids":[],"_links":{"self":[{"href":"https:\/\/agora.xtec.cat\/escguillemisarn\/wp-json\/wp\/v2\/posts\/2923","targetHints":{"allow":["GET"]}}],"collection":[{"href":"https:\/\/agora.xtec.cat\/escguillemisarn\/wp-json\/wp\/v2\/posts"}],"about":[{"href":"https:\/\/agora.xtec.cat\/escguillemisarn\/wp-json\/wp\/v2\/types\/post"}],"author":[{"embeddable":true,"href":"https:\/\/agora.xtec.cat\/escguillemisarn\/wp-json\/wp\/v2\/users\/1"}],"replies":[{"embeddable":true,"href":"https:\/\/agora.xtec.cat\/escguillemisarn\/wp-json\/wp\/v2\/comments?post=2923"}],"version-history":[{"count":1,"href":"https:\/\/agora.xtec.cat\/escguillemisarn\/wp-json\/wp\/v2\/posts\/2923\/revisions"}],"predecessor-version":[{"id":2925,"href":"https:\/\/agora.xtec.cat\/escguillemisarn\/wp-json\/wp\/v2\/posts\/2923\/revisions\/2925"}],"wp:attachment":[{"href":"https:\/\/agora.xtec.cat\/escguillemisarn\/wp-json\/wp\/v2\/media?parent=2923"}],"wp:term":[{"taxonomy":"category","embeddable":true,"href":"https:\/\/agora.xtec.cat\/escguillemisarn\/wp-json\/wp\/v2\/categories?post=2923"},{"taxonomy":"post_tag","embeddable":true,"href":"https:\/\/agora.xtec.cat\/escguillemisarn\/wp-json\/wp\/v2\/tags?post=2923"}],"curies":[{"name":"wp","href":"https:\/\/api.w.org\/{rel}","templated":true}]}}