{"id":2890,"date":"2023-06-27T14:57:22","date_gmt":"2023-06-27T12:57:22","guid":{"rendered":"https:\/\/agora.xtec.cat\/escguillemisarn\/?p=2890"},"modified":"2023-06-29T19:11:03","modified_gmt":"2023-06-29T17:11:03","slug":"el-raco-del-protagonista","status":"publish","type":"post","link":"https:\/\/agora.xtec.cat\/escguillemisarn\/general\/el-raco-del-protagonista\/","title":{"rendered":"El Rac\u00f3 del Protagonista"},"content":{"rendered":"<p>El passat dimecres l&#8217;alumnat de 6\u00e8 va dur a terme les exposicions referents al Rac\u00f3 del Protagonista, treballat a l&#8217;\u00e0rea de llengua catalana amb la finalitat d&#8217;agafar flu\u00efdesa a l&#8217;hora de la preparaci\u00f3 i exposici\u00f3 oral.<\/p>\n<p>Cada alumne\/a va escollir una afici\u00f3 o quelcom caracter\u00edstic de la seva cultura i van muntar una presentaci\u00f3 virtual.<\/p>\n<p>Aqu\u00ed en teniu les fotografies:<\/p>\n<p><a href=\"https:\/\/photos.app.goo.gl\/jmJqYfc1qgQby6Je7\">https:\/\/photos.app.goo.gl\/jmJqYfc1qgQby6Je7<\/a><\/p>\n<p>&nbsp;<\/p>\n<p>&nbsp;<\/p>\n","protected":false},"excerpt":{"rendered":"<p>El passat dimecres l&#8217;alumnat de 6\u00e8 va dur a terme les exposicions referents al Rac\u00f3 del Protagonista, treballat a l&#8217;\u00e0rea de llengua catalana amb la finalitat d&#8217;agafar flu\u00efdesa a l&#8217;hora de la preparaci\u00f3 i exposici\u00f3 oral.<br \/>\nCada alumne\/a va escollir una afici\u00f3 o quelcom caracter\u00edstic de&hellip;  <a href=\"https:\/\/agora.xtec.cat\/escguillemisarn\/general\/el-raco-del-protagonista\/\" title=\"Read El Rac\u00f3 del Protagonista\">Llegeix m\u00e9s\u00bb<\/a><\/p>\n","protected":false},"author":7,"featured_media":0,"comment_status":"open","ping_status":"closed","sticky":false,"template":"","format":"standard","meta":{"_bbp_topic_count":0,"_bbp_reply_count":0,"_bbp_total_topic_count":0,"_bbp_total_reply_count":0,"_bbp_voice_count":0,"_bbp_anonymous_reply_count":0,"_bbp_topic_count_hidden":0,"_bbp_reply_count_hidden":0,"_bbp_forum_subforum_count":0,"footnotes":""},"categories":[73,1,4,5],"tags":[],"class_list":["post-2890","post","type-post","status-publish","format-standard","hentry","category-cs","category-general","category-portada","category-primaria"],"post_mailing_queue_ids":[],"_links":{"self":[{"href":"https:\/\/agora.xtec.cat\/escguillemisarn\/wp-json\/wp\/v2\/posts\/2890","targetHints":{"allow":["GET"]}}],"collection":[{"href":"https:\/\/agora.xtec.cat\/escguillemisarn\/wp-json\/wp\/v2\/posts"}],"about":[{"href":"https:\/\/agora.xtec.cat\/escguillemisarn\/wp-json\/wp\/v2\/types\/post"}],"author":[{"embeddable":true,"href":"https:\/\/agora.xtec.cat\/escguillemisarn\/wp-json\/wp\/v2\/users\/7"}],"replies":[{"embeddable":true,"href":"https:\/\/agora.xtec.cat\/escguillemisarn\/wp-json\/wp\/v2\/comments?post=2890"}],"version-history":[{"count":1,"href":"https:\/\/agora.xtec.cat\/escguillemisarn\/wp-json\/wp\/v2\/posts\/2890\/revisions"}],"predecessor-version":[{"id":2895,"href":"https:\/\/agora.xtec.cat\/escguillemisarn\/wp-json\/wp\/v2\/posts\/2890\/revisions\/2895"}],"wp:attachment":[{"href":"https:\/\/agora.xtec.cat\/escguillemisarn\/wp-json\/wp\/v2\/media?parent=2890"}],"wp:term":[{"taxonomy":"category","embeddable":true,"href":"https:\/\/agora.xtec.cat\/escguillemisarn\/wp-json\/wp\/v2\/categories?post=2890"},{"taxonomy":"post_tag","embeddable":true,"href":"https:\/\/agora.xtec.cat\/escguillemisarn\/wp-json\/wp\/v2\/tags?post=2890"}],"curies":[{"name":"wp","href":"https:\/\/api.w.org\/{rel}","templated":true}]}}