{"id":2883,"date":"2023-06-22T10:39:37","date_gmt":"2023-06-22T08:39:37","guid":{"rendered":"https:\/\/agora.xtec.cat\/escguillemisarn\/?p=2883"},"modified":"2023-06-22T10:39:37","modified_gmt":"2023-06-22T08:39:37","slug":"el-fi-de-curs","status":"publish","type":"post","link":"https:\/\/agora.xtec.cat\/escguillemisarn\/general\/el-fi-de-curs\/","title":{"rendered":"El fi de curs !"},"content":{"rendered":"<p><a href=\"https:\/\/agora.xtec.cat\/escguillemisarn\/wp-content\/uploads\/usu1631\/2023\/06\/gsgsgg.png\"><img loading=\"lazy\" decoding=\"async\" class=\"size-full wp-image-2884 aligncenter\" src=\"https:\/\/agora.xtec.cat\/escguillemisarn\/wp-content\/uploads\/usu1631\/2023\/06\/gsgsgg.png\" alt=\"\" width=\"848\" height=\"217\" srcset=\"https:\/\/agora.xtec.cat\/escguillemisarn\/wp-content\/uploads\/usu1631\/2023\/06\/gsgsgg.png 848w, https:\/\/agora.xtec.cat\/escguillemisarn\/wp-content\/uploads\/usu1631\/2023\/06\/gsgsgg-300x77.png 300w, https:\/\/agora.xtec.cat\/escguillemisarn\/wp-content\/uploads\/usu1631\/2023\/06\/gsgsgg-768x197.png 768w\" sizes=\"auto, (max-width: 848px) 100vw, 848px\" \/><\/a>Avui, com no podia ser d&#8217;una altra manera, a l&#8217;escola s&#8217;hi respira alegria! Com sempre, per\u00f2 una mica m\u00e9s. L&#8217;\u00faltim dia de curs \u00e9s especial per a totes, hi ha alumnes que acaben una etapa, d&#8217;altres que comen\u00e7aran un cicle i d&#8217;altres que canviaran de curs. Totes tenim un motiu o altre per estar de celebraci\u00f3.<\/p>\n<p>Avui hem ballat, hem cantat, ens hem organitzat, hem jugat i ens ho hem passat molt b\u00e9.<\/p>\n<p>Volem acabar desitjant-vos molt bon estiu, un plaer haver compartit 9 anys amb l&#8217;alumnat de sis\u00e8 i un plaer donar entrada als nous infants a I3.<\/p>\n<p>Si voleu veure les fotografies del dia d&#8217;avui, aqu\u00ed us les deixem:<a href=\"https:\/\/photos.app.goo.gl\/UMEJgG5x71CRqWMw5\">https:\/\/photos.app.goo.gl\/UMEJgG5x71CRqWMw5<\/a><\/p>\n","protected":false},"excerpt":{"rendered":"<p><a href=\"https:\/\/agora.xtec.cat\/escguillemisarn\/wp-content\/uploads\/usu1631\/2023\/06\/gsgsgg.png\"><\/a>Avui, com no podia ser d&#8217;una altra manera, a l&#8217;escola s&#8217;hi respira alegria! Com sempre, per\u00f2 una mica m\u00e9s. L&#8217;\u00faltim dia de curs \u00e9s especial per a totes, hi ha alumnes que acaben una etapa, d&#8217;altres que comen\u00e7aran un cicle i d&#8217;altres que canviaran&hellip;  <a href=\"https:\/\/agora.xtec.cat\/escguillemisarn\/general\/el-fi-de-curs\/\" title=\"Read El fi de curs !\">Llegeix m\u00e9s\u00bb<\/a><\/p>\n","protected":false},"author":1,"featured_media":0,"comment_status":"open","ping_status":"closed","sticky":false,"template":"","format":"standard","meta":{"_bbp_topic_count":0,"_bbp_reply_count":0,"_bbp_total_topic_count":0,"_bbp_total_reply_count":0,"_bbp_voice_count":0,"_bbp_anonymous_reply_count":0,"_bbp_topic_count_hidden":0,"_bbp_reply_count_hidden":0,"_bbp_forum_subforum_count":0,"footnotes":""},"categories":[74,71,72,73,79,1,2,4,5],"tags":[],"class_list":["post-2883","post","type-post","status-publish","format-standard","hentry","category-apadrinament","category-ci","category-cm","category-cs","category-foment-de-la-lectura","category-general","category-infantil","category-portada","category-primaria"],"post_mailing_queue_ids":[],"_links":{"self":[{"href":"https:\/\/agora.xtec.cat\/escguillemisarn\/wp-json\/wp\/v2\/posts\/2883","targetHints":{"allow":["GET"]}}],"collection":[{"href":"https:\/\/agora.xtec.cat\/escguillemisarn\/wp-json\/wp\/v2\/posts"}],"about":[{"href":"https:\/\/agora.xtec.cat\/escguillemisarn\/wp-json\/wp\/v2\/types\/post"}],"author":[{"embeddable":true,"href":"https:\/\/agora.xtec.cat\/escguillemisarn\/wp-json\/wp\/v2\/users\/1"}],"replies":[{"embeddable":true,"href":"https:\/\/agora.xtec.cat\/escguillemisarn\/wp-json\/wp\/v2\/comments?post=2883"}],"version-history":[{"count":1,"href":"https:\/\/agora.xtec.cat\/escguillemisarn\/wp-json\/wp\/v2\/posts\/2883\/revisions"}],"predecessor-version":[{"id":2885,"href":"https:\/\/agora.xtec.cat\/escguillemisarn\/wp-json\/wp\/v2\/posts\/2883\/revisions\/2885"}],"wp:attachment":[{"href":"https:\/\/agora.xtec.cat\/escguillemisarn\/wp-json\/wp\/v2\/media?parent=2883"}],"wp:term":[{"taxonomy":"category","embeddable":true,"href":"https:\/\/agora.xtec.cat\/escguillemisarn\/wp-json\/wp\/v2\/categories?post=2883"},{"taxonomy":"post_tag","embeddable":true,"href":"https:\/\/agora.xtec.cat\/escguillemisarn\/wp-json\/wp\/v2\/tags?post=2883"}],"curies":[{"name":"wp","href":"https:\/\/api.w.org\/{rel}","templated":true}]}}