{"id":2877,"date":"2023-06-21T17:14:55","date_gmt":"2023-06-21T15:14:55","guid":{"rendered":"https:\/\/agora.xtec.cat\/escguillemisarn\/?p=2877"},"modified":"2023-06-29T19:10:49","modified_gmt":"2023-06-29T17:10:49","slug":"entregem-orles-als-alumnes-deducacio-infantil","status":"publish","type":"post","link":"https:\/\/agora.xtec.cat\/escguillemisarn\/general\/entregem-orles-als-alumnes-deducacio-infantil\/","title":{"rendered":"Entreguem  Orles als alumnes d&#8217;educaci\u00f3 infantil"},"content":{"rendered":"<p>Ja estem a punt d&#8217;acabar aquest curs, on hem compartit\u00a0 moltes emocions i sorpreses. Ara toca fer mem\u00f2ria de totes les activitats i experi\u00e8ncies que hem anat fent durant el curs i per aix\u00f2 les vostres tutores avui us han fet entrega d&#8217;una orla per recordar i emportar-nos cap a casa un petit record de tot el que hem viscut durant el curs.<\/p>\n<p>Ara toca descansar i sobretot gaudir d&#8217;aquest estiu que us heu ben merescut totes i tots .<\/p>\n<p>En aquest enlla\u00e7 trobareu les fotografies d&#8217;aquest acte tant\u00a0 bonic i emotiu.<\/p>\n<p><a href=\"https:\/\/photos.app.goo.gl\/qa7NsTYYJAJkDtiN6\">https:\/\/photos.app.goo.gl\/qa7NsTYYJAJkDtiN6<\/a><\/p>\n<p><a href=\"https:\/\/agora.xtec.cat\/escguillemisarn\/wp-content\/uploads\/usu1631\/2023\/06\/celebracion-graduacion-dibujos-animados_29190-2910.jpg\"><img loading=\"lazy\" decoding=\"async\" class=\"aligncenter wp-image-2879\" src=\"https:\/\/agora.xtec.cat\/escguillemisarn\/wp-content\/uploads\/usu1631\/2023\/06\/celebracion-graduacion-dibujos-animados_29190-2910.jpg\" alt=\"\" width=\"234\" height=\"163\" srcset=\"https:\/\/agora.xtec.cat\/escguillemisarn\/wp-content\/uploads\/usu1631\/2023\/06\/celebracion-graduacion-dibujos-animados_29190-2910.jpg 626w, https:\/\/agora.xtec.cat\/escguillemisarn\/wp-content\/uploads\/usu1631\/2023\/06\/celebracion-graduacion-dibujos-animados_29190-2910-300x209.jpg 300w\" sizes=\"auto, (max-width: 234px) 100vw, 234px\" \/><\/a><\/p>\n","protected":false},"excerpt":{"rendered":"<p>Ja estem a punt d&#8217;acabar aquest curs, on hem compartit\u00a0 moltes emocions i sorpreses. Ara toca fer mem\u00f2ria de totes les activitats i experi\u00e8ncies que hem anat fent durant el curs i per aix\u00f2 les vostres tutores avui us han fet entrega d&#8217;una orla per&hellip;  <a href=\"https:\/\/agora.xtec.cat\/escguillemisarn\/general\/entregem-orles-als-alumnes-deducacio-infantil\/\" title=\"Read Entreguem  Orles als alumnes d&#8217;educaci\u00f3 infantil\">Llegeix m\u00e9s\u00bb<\/a><\/p>\n","protected":false},"author":20,"featured_media":0,"comment_status":"open","ping_status":"closed","sticky":false,"template":"","format":"standard","meta":{"_bbp_topic_count":0,"_bbp_reply_count":0,"_bbp_total_topic_count":0,"_bbp_total_reply_count":0,"_bbp_voice_count":0,"_bbp_anonymous_reply_count":0,"_bbp_topic_count_hidden":0,"_bbp_reply_count_hidden":0,"_bbp_forum_subforum_count":0,"footnotes":""},"categories":[1,2,4],"tags":[],"class_list":["post-2877","post","type-post","status-publish","format-standard","hentry","category-general","category-infantil","category-portada"],"post_mailing_queue_ids":[],"_links":{"self":[{"href":"https:\/\/agora.xtec.cat\/escguillemisarn\/wp-json\/wp\/v2\/posts\/2877","targetHints":{"allow":["GET"]}}],"collection":[{"href":"https:\/\/agora.xtec.cat\/escguillemisarn\/wp-json\/wp\/v2\/posts"}],"about":[{"href":"https:\/\/agora.xtec.cat\/escguillemisarn\/wp-json\/wp\/v2\/types\/post"}],"author":[{"embeddable":true,"href":"https:\/\/agora.xtec.cat\/escguillemisarn\/wp-json\/wp\/v2\/users\/20"}],"replies":[{"embeddable":true,"href":"https:\/\/agora.xtec.cat\/escguillemisarn\/wp-json\/wp\/v2\/comments?post=2877"}],"version-history":[{"count":3,"href":"https:\/\/agora.xtec.cat\/escguillemisarn\/wp-json\/wp\/v2\/posts\/2877\/revisions"}],"predecessor-version":[{"id":2897,"href":"https:\/\/agora.xtec.cat\/escguillemisarn\/wp-json\/wp\/v2\/posts\/2877\/revisions\/2897"}],"wp:attachment":[{"href":"https:\/\/agora.xtec.cat\/escguillemisarn\/wp-json\/wp\/v2\/media?parent=2877"}],"wp:term":[{"taxonomy":"category","embeddable":true,"href":"https:\/\/agora.xtec.cat\/escguillemisarn\/wp-json\/wp\/v2\/categories?post=2877"},{"taxonomy":"post_tag","embeddable":true,"href":"https:\/\/agora.xtec.cat\/escguillemisarn\/wp-json\/wp\/v2\/tags?post=2877"}],"curies":[{"name":"wp","href":"https:\/\/api.w.org\/{rel}","templated":true}]}}