{"id":2872,"date":"2023-06-19T13:23:10","date_gmt":"2023-06-19T11:23:10","guid":{"rendered":"https:\/\/agora.xtec.cat\/escguillemisarn\/?p=2872"},"modified":"2023-06-19T13:23:10","modified_gmt":"2023-06-19T11:23:10","slug":"g-r-a-c-i-e-s-alumnes-de-6e","status":"publish","type":"post","link":"https:\/\/agora.xtec.cat\/escguillemisarn\/general\/g-r-a-c-i-e-s-alumnes-de-6e\/","title":{"rendered":"G R \u00c0 C I E S ! Alumnes de 6\u00e8"},"content":{"rendered":"<p><a href=\"https:\/\/agora.xtec.cat\/escguillemisarn\/wp-content\/uploads\/usu1631\/2023\/06\/drawing-of-olive-branch-with-some-olives-and-leaves-hand-drawing-vector.jpg\"><img loading=\"lazy\" decoding=\"async\" class=\"wp-image-2873 alignleft\" src=\"https:\/\/agora.xtec.cat\/escguillemisarn\/wp-content\/uploads\/usu1631\/2023\/06\/drawing-of-olive-branch-with-some-olives-and-leaves-hand-drawing-vector-1024x620.jpg\" alt=\"\" width=\"276\" height=\"167\" srcset=\"https:\/\/agora.xtec.cat\/escguillemisarn\/wp-content\/uploads\/usu1631\/2023\/06\/drawing-of-olive-branch-with-some-olives-and-leaves-hand-drawing-vector-1024x620.jpg 1024w, https:\/\/agora.xtec.cat\/escguillemisarn\/wp-content\/uploads\/usu1631\/2023\/06\/drawing-of-olive-branch-with-some-olives-and-leaves-hand-drawing-vector-300x182.jpg 300w, https:\/\/agora.xtec.cat\/escguillemisarn\/wp-content\/uploads\/usu1631\/2023\/06\/drawing-of-olive-branch-with-some-olives-and-leaves-hand-drawing-vector-768x465.jpg 768w, https:\/\/agora.xtec.cat\/escguillemisarn\/wp-content\/uploads\/usu1631\/2023\/06\/drawing-of-olive-branch-with-some-olives-and-leaves-hand-drawing-vector-1536x930.jpg 1536w, https:\/\/agora.xtec.cat\/escguillemisarn\/wp-content\/uploads\/usu1631\/2023\/06\/drawing-of-olive-branch-with-some-olives-and-leaves-hand-drawing-vector.jpg 1619w\" sizes=\"auto, (max-width: 276px) 100vw, 276px\" \/><\/a>Avui, tot l&#8217;alumnat de sis\u00e8, ha plantat l&#8217;oliver que va obsequiar a l&#8217;escola el dia de la festa de fi de curs. En nom de l&#8217;escola us volem donar les gr\u00e0cies per aquest regal. T\u00e9 molt significat per a nosaltres que sigui un arbre i que sigui un oliver. Esperem que siguem capa\u00e7os de fer-lo molt gran i ens duri molt temps, com els ensenyaments que hem volgut transmetre i fer descobrir\u00a0 a tots i totes els i les alumnes que el curs que ve ja van a l&#8217;institut.<\/p>\n<p>Podeu veure algunes de les fotografies que hem fet en aquest link:\u00a0<a href=\"https:\/\/photos.app.goo.gl\/FejuZXmjPvm9YCNb7\">https:\/\/photos.app.goo.gl\/FejuZXmjPvm9YCNb7<\/a><\/p>\n","protected":false},"excerpt":{"rendered":"<p><a href=\"https:\/\/agora.xtec.cat\/escguillemisarn\/wp-content\/uploads\/usu1631\/2023\/06\/drawing-of-olive-branch-with-some-olives-and-leaves-hand-drawing-vector.jpg\"><\/a>Avui, tot l&#8217;alumnat de sis\u00e8, ha plantat l&#8217;oliver que va obsequiar a l&#8217;escola el dia de la festa de fi de curs. En nom de l&#8217;escola us volem donar les gr\u00e0cies per aquest regal. T\u00e9 molt significat per a nosaltres que sigui un arbre&hellip;  <a href=\"https:\/\/agora.xtec.cat\/escguillemisarn\/general\/g-r-a-c-i-e-s-alumnes-de-6e\/\" title=\"Read G R \u00c0 C I E S ! Alumnes de 6\u00e8\">Llegeix m\u00e9s\u00bb<\/a><\/p>\n","protected":false},"author":1,"featured_media":0,"comment_status":"open","ping_status":"closed","sticky":false,"template":"","format":"standard","meta":{"_bbp_topic_count":0,"_bbp_reply_count":0,"_bbp_total_topic_count":0,"_bbp_total_reply_count":0,"_bbp_voice_count":0,"_bbp_anonymous_reply_count":0,"_bbp_topic_count_hidden":0,"_bbp_reply_count_hidden":0,"_bbp_forum_subforum_count":0,"footnotes":""},"categories":[73,1,4,5],"tags":[],"class_list":["post-2872","post","type-post","status-publish","format-standard","hentry","category-cs","category-general","category-portada","category-primaria"],"post_mailing_queue_ids":[],"_links":{"self":[{"href":"https:\/\/agora.xtec.cat\/escguillemisarn\/wp-json\/wp\/v2\/posts\/2872","targetHints":{"allow":["GET"]}}],"collection":[{"href":"https:\/\/agora.xtec.cat\/escguillemisarn\/wp-json\/wp\/v2\/posts"}],"about":[{"href":"https:\/\/agora.xtec.cat\/escguillemisarn\/wp-json\/wp\/v2\/types\/post"}],"author":[{"embeddable":true,"href":"https:\/\/agora.xtec.cat\/escguillemisarn\/wp-json\/wp\/v2\/users\/1"}],"replies":[{"embeddable":true,"href":"https:\/\/agora.xtec.cat\/escguillemisarn\/wp-json\/wp\/v2\/comments?post=2872"}],"version-history":[{"count":1,"href":"https:\/\/agora.xtec.cat\/escguillemisarn\/wp-json\/wp\/v2\/posts\/2872\/revisions"}],"predecessor-version":[{"id":2874,"href":"https:\/\/agora.xtec.cat\/escguillemisarn\/wp-json\/wp\/v2\/posts\/2872\/revisions\/2874"}],"wp:attachment":[{"href":"https:\/\/agora.xtec.cat\/escguillemisarn\/wp-json\/wp\/v2\/media?parent=2872"}],"wp:term":[{"taxonomy":"category","embeddable":true,"href":"https:\/\/agora.xtec.cat\/escguillemisarn\/wp-json\/wp\/v2\/categories?post=2872"},{"taxonomy":"post_tag","embeddable":true,"href":"https:\/\/agora.xtec.cat\/escguillemisarn\/wp-json\/wp\/v2\/tags?post=2872"}],"curies":[{"name":"wp","href":"https:\/\/api.w.org\/{rel}","templated":true}]}}