{"id":2870,"date":"2023-06-16T11:22:13","date_gmt":"2023-06-16T09:22:13","guid":{"rendered":"https:\/\/agora.xtec.cat\/escguillemisarn\/?p=2870"},"modified":"2023-06-16T11:22:13","modified_gmt":"2023-06-16T09:22:13","slug":"de-quin-color-son-les-ombres","status":"publish","type":"post","link":"https:\/\/agora.xtec.cat\/escguillemisarn\/general\/de-quin-color-son-les-ombres\/","title":{"rendered":"De quin color s\u00f3n les ombres?"},"content":{"rendered":"<p style=\"line-height: 19.5pt; background: white; vertical-align: baseline; margin: 0cm 0cm 18.75pt 0cm;\"><span lang=\"CA\" style=\"font-size: 13.5pt; font-family: Roboto; color: black;\">Els nens i nenes de 4t estant treballat el tema de la llum (medi natural) i s\u2019han fet moltes preguntes. Hem sortit al pati per veure la difer\u00e8ncia entre cossos transparents, transl\u00facids i opacs i finalment hem pujat a l\u2019aula sensorial per experimentar amb la llum i les seves caracter\u00edstiques.<\/span><\/p>\n<p style=\"line-height: 19.5pt; background: white; vertical-align: baseline; margin: 0cm 0cm 18.75pt 0cm;\"><span lang=\"CA\" style=\"font-size: 13.5pt; font-family: Roboto; color: black;\">La llum permet una gran varietat d\u2019accions que combinen, a trav\u00e9s del joc, la ci\u00e8ncia, l\u2019art i la viv\u00e8ncia, un clima d\u2019experimentaci\u00f3 i creativitat. Des del joc amb les ombres fins a l\u2019experimentaci\u00f3 amb els materials m\u00e9s sofisticats, els nens i nenes investiguen les propietats de la llum i del color, fan hip\u00f2tesis i comproven els resultats.<\/span><\/p>\n<p style=\"line-height: 19.5pt; background: white; vertical-align: baseline; margin: 0cm 0cm 18.75pt 0cm;\"><span lang=\"CA\" style=\"font-size: 13.5pt; font-family: Roboto; color: black;\">D\u2019una forma l\u00fadica i atractiva, els nens i nenes van adquirint coneixements sobre el comportament de la llum, el color, les ombres\u2026 <\/span><\/p>\n<p><a href=\"https:\/\/photos.app.goo.gl\/epJnk4DitsbNoHVc7\">https:\/\/photos.app.goo.gl\/epJnk4DitsbNoHVc7<\/a><\/p>\n","protected":false},"excerpt":{"rendered":"<p>Els nens i nenes de 4t estant treballat el tema de la llum (medi natural) i s\u2019han fet moltes preguntes. Hem sortit al pati per veure la difer\u00e8ncia entre cossos transparents, transl\u00facids i opacs i finalment hem pujat a l\u2019aula sensorial per experimentar amb la&hellip;  <a href=\"https:\/\/agora.xtec.cat\/escguillemisarn\/general\/de-quin-color-son-les-ombres\/\" title=\"Read De quin color s\u00f3n les ombres?\">Llegeix m\u00e9s\u00bb<\/a><\/p>\n","protected":false},"author":1,"featured_media":0,"comment_status":"open","ping_status":"closed","sticky":false,"template":"","format":"standard","meta":{"_bbp_topic_count":0,"_bbp_reply_count":0,"_bbp_total_topic_count":0,"_bbp_total_reply_count":0,"_bbp_voice_count":0,"_bbp_anonymous_reply_count":0,"_bbp_topic_count_hidden":0,"_bbp_reply_count_hidden":0,"_bbp_forum_subforum_count":0,"footnotes":""},"categories":[72,1,4],"tags":[],"class_list":["post-2870","post","type-post","status-publish","format-standard","hentry","category-cm","category-general","category-portada"],"post_mailing_queue_ids":[],"_links":{"self":[{"href":"https:\/\/agora.xtec.cat\/escguillemisarn\/wp-json\/wp\/v2\/posts\/2870","targetHints":{"allow":["GET"]}}],"collection":[{"href":"https:\/\/agora.xtec.cat\/escguillemisarn\/wp-json\/wp\/v2\/posts"}],"about":[{"href":"https:\/\/agora.xtec.cat\/escguillemisarn\/wp-json\/wp\/v2\/types\/post"}],"author":[{"embeddable":true,"href":"https:\/\/agora.xtec.cat\/escguillemisarn\/wp-json\/wp\/v2\/users\/1"}],"replies":[{"embeddable":true,"href":"https:\/\/agora.xtec.cat\/escguillemisarn\/wp-json\/wp\/v2\/comments?post=2870"}],"version-history":[{"count":1,"href":"https:\/\/agora.xtec.cat\/escguillemisarn\/wp-json\/wp\/v2\/posts\/2870\/revisions"}],"predecessor-version":[{"id":2871,"href":"https:\/\/agora.xtec.cat\/escguillemisarn\/wp-json\/wp\/v2\/posts\/2870\/revisions\/2871"}],"wp:attachment":[{"href":"https:\/\/agora.xtec.cat\/escguillemisarn\/wp-json\/wp\/v2\/media?parent=2870"}],"wp:term":[{"taxonomy":"category","embeddable":true,"href":"https:\/\/agora.xtec.cat\/escguillemisarn\/wp-json\/wp\/v2\/categories?post=2870"},{"taxonomy":"post_tag","embeddable":true,"href":"https:\/\/agora.xtec.cat\/escguillemisarn\/wp-json\/wp\/v2\/tags?post=2870"}],"curies":[{"name":"wp","href":"https:\/\/api.w.org\/{rel}","templated":true}]}}