{"id":2867,"date":"2023-06-16T09:41:48","date_gmt":"2023-06-16T07:41:48","guid":{"rendered":"https:\/\/agora.xtec.cat\/escguillemisarn\/?p=2867"},"modified":"2023-06-16T10:31:45","modified_gmt":"2023-06-16T08:31:45","slug":"xxii-mostra-de-musica-de-les-escoles-de-lurgell","status":"publish","type":"post","link":"https:\/\/agora.xtec.cat\/escguillemisarn\/general\/xxii-mostra-de-musica-de-les-escoles-de-lurgell\/","title":{"rendered":"XXII Mostra de M\u00fasica de les escoles de l&#8217;Urgell"},"content":{"rendered":"<p>Ahir l&#8217;alumnat de <strong>1r i 2n va participar <span class=\"hiddenGrammarError\" style=\"padding-bottom: 2px; background-image: url('..\/..\/..\/..\/..\/images\/squiggle.png'); background-repeat: repeat-x; background-position: left bottom; cursor: default; color: #000000; font-family: 'Open Sans', Helvetica, Arial, sans-serif; font-size: 16px; font-style: normal; font-variant-ligatures: normal; font-variant-caps: normal; letter-spacing: normal; orphans: 2; text-align: start; text-indent: 0px; text-transform: none; widows: 2; word-spacing: 0px; -webkit-text-stroke-width: 0px; white-space: normal; text-decoration-thickness: initial; text-decoration-style: initial; text-decoration-color: initial;\">a la<\/span> XXII Mostra de M\u00fasica de l&#8217;Urgell<\/strong>. Vam compartir un mat\u00ed de m\u00fasica a l&#8217;Ateneu de T\u00e0rrega amb les altres escoles de la comarca i ens va agradar molt perqu\u00e8 vam veure unes actuacions musicals molt variades.<\/p>\n<p>L&#8217;actuaci\u00f3 que vam fer nosaltres va ser la interpretaci\u00f3 del conte musical &#8220;<em>Anem de Safari<\/em>&#8220;, un conte de collita pr\u00f2pia. En aquest conte anaven sortint diferents can\u00e7ons, unes d&#8217;africanes i, tamb\u00e9, alguns fragments de l&#8217;obra del Carnaval dels Animals compositor Saint-Sa\u00ebns que hem estat treballant. Hem fet de lleons, cangurs i elefants! Finalment, vam acomiadar el nostre espectacle amb la can\u00e7\u00f3 de rock &#8220;Passiu b\u00e9&#8221; del grup de la Trinca.<\/p>\n<p>Ens ho vam passar genial! Segur que l&#8217;any que ve tornem!!!<\/p>\n<p>Podeu veure les fotos clicant a l&#8217;enlla\u00e7.<\/p>\n<p>&nbsp;<\/p>\n<p><img loading=\"lazy\" decoding=\"async\" class=\"alignright\" src=\"https:\/\/www.teleponent.cat\/wp-content\/uploads\/2019\/12\/Teatre-ateneu-T%C3%A0rrega_opt.jpg\" alt=\"T\u00e0rrega a punt per la seva participaci\u00f3 en la Marat\u00f3 de TV3 - Teleponent\" width=\"321\" height=\"214\" \/><\/p>\n<p><a href=\"https:\/\/photos.app.goo.gl\/V3ZwCyZeJg9GneXc9\">https:\/\/photos.app.goo.gl\/V3ZwCyZeJg9GneXc9<\/a><\/p>\n<p>&nbsp;<\/p>\n<p>&nbsp;<\/p>\n","protected":false},"excerpt":{"rendered":"<p>Ahir l&#8217;alumnat de 1r i 2n va participar a la XXII Mostra de M\u00fasica de l&#8217;Urgell. Vam compartir un mat\u00ed de m\u00fasica a l&#8217;Ateneu de T\u00e0rrega amb les altres escoles de la comarca i ens va agradar molt perqu\u00e8 vam veure unes actuacions musicals molt&hellip;  <a href=\"https:\/\/agora.xtec.cat\/escguillemisarn\/general\/xxii-mostra-de-musica-de-les-escoles-de-lurgell\/\" title=\"Read XXII Mostra de M\u00fasica de les escoles de l&#8217;Urgell\">Llegeix m\u00e9s\u00bb<\/a><\/p>\n","protected":false},"author":36,"featured_media":0,"comment_status":"open","ping_status":"closed","sticky":false,"template":"","format":"standard","meta":{"_bbp_topic_count":0,"_bbp_reply_count":0,"_bbp_total_topic_count":0,"_bbp_total_reply_count":0,"_bbp_voice_count":0,"_bbp_anonymous_reply_count":0,"_bbp_topic_count_hidden":0,"_bbp_reply_count_hidden":0,"_bbp_forum_subforum_count":0,"footnotes":""},"categories":[71,1,5],"tags":[],"class_list":["post-2867","post","type-post","status-publish","format-standard","hentry","category-ci","category-general","category-primaria"],"post_mailing_queue_ids":[],"_links":{"self":[{"href":"https:\/\/agora.xtec.cat\/escguillemisarn\/wp-json\/wp\/v2\/posts\/2867","targetHints":{"allow":["GET"]}}],"collection":[{"href":"https:\/\/agora.xtec.cat\/escguillemisarn\/wp-json\/wp\/v2\/posts"}],"about":[{"href":"https:\/\/agora.xtec.cat\/escguillemisarn\/wp-json\/wp\/v2\/types\/post"}],"author":[{"embeddable":true,"href":"https:\/\/agora.xtec.cat\/escguillemisarn\/wp-json\/wp\/v2\/users\/36"}],"replies":[{"embeddable":true,"href":"https:\/\/agora.xtec.cat\/escguillemisarn\/wp-json\/wp\/v2\/comments?post=2867"}],"version-history":[{"count":2,"href":"https:\/\/agora.xtec.cat\/escguillemisarn\/wp-json\/wp\/v2\/posts\/2867\/revisions"}],"predecessor-version":[{"id":2869,"href":"https:\/\/agora.xtec.cat\/escguillemisarn\/wp-json\/wp\/v2\/posts\/2867\/revisions\/2869"}],"wp:attachment":[{"href":"https:\/\/agora.xtec.cat\/escguillemisarn\/wp-json\/wp\/v2\/media?parent=2867"}],"wp:term":[{"taxonomy":"category","embeddable":true,"href":"https:\/\/agora.xtec.cat\/escguillemisarn\/wp-json\/wp\/v2\/categories?post=2867"},{"taxonomy":"post_tag","embeddable":true,"href":"https:\/\/agora.xtec.cat\/escguillemisarn\/wp-json\/wp\/v2\/tags?post=2867"}],"curies":[{"name":"wp","href":"https:\/\/api.w.org\/{rel}","templated":true}]}}