{"id":2853,"date":"2023-06-09T10:07:37","date_gmt":"2023-06-09T08:07:37","guid":{"rendered":"https:\/\/agora.xtec.cat\/escguillemisarn\/?p=2853"},"modified":"2023-06-09T10:07:37","modified_gmt":"2023-06-09T08:07:37","slug":"exposiciones-orales-lengua-castellana","status":"publish","type":"post","link":"https:\/\/agora.xtec.cat\/escguillemisarn\/general\/exposiciones-orales-lengua-castellana\/","title":{"rendered":"EXPOSICIONES ORALES LENGUA CASTELLANA"},"content":{"rendered":"<p><a href=\"https:\/\/agora.xtec.cat\/escguillemisarn\/wp-content\/uploads\/usu1631\/2023\/06\/38bdf35af7f6b6bdafcaf709b51a8d3e_XL.jpg\"><img loading=\"lazy\" decoding=\"async\" class=\"alignnone wp-image-2854 size-medium\" src=\"https:\/\/agora.xtec.cat\/escguillemisarn\/wp-content\/uploads\/usu1631\/2023\/06\/38bdf35af7f6b6bdafcaf709b51a8d3e_XL-300x169.jpg\" alt=\"\" width=\"300\" height=\"169\" srcset=\"https:\/\/agora.xtec.cat\/escguillemisarn\/wp-content\/uploads\/usu1631\/2023\/06\/38bdf35af7f6b6bdafcaf709b51a8d3e_XL-300x169.jpg 300w, https:\/\/agora.xtec.cat\/escguillemisarn\/wp-content\/uploads\/usu1631\/2023\/06\/38bdf35af7f6b6bdafcaf709b51a8d3e_XL-768x432.jpg 768w, https:\/\/agora.xtec.cat\/escguillemisarn\/wp-content\/uploads\/usu1631\/2023\/06\/38bdf35af7f6b6bdafcaf709b51a8d3e_XL.jpg 900w\" sizes=\"auto, (max-width: 300px) 100vw, 300px\" \/><\/a><\/p>\n<p>Los alumnos y las alumnas de 5\u00ba curso han realizado unas exposiciones orales sobre su afici\u00f3n. Han preparado una presentaci\u00f3n <em>Power Point<\/em> y lo han explicado delante de sus compa\u00f1eros\/as. \u00a1Lo han hecho con muchas ganas e ilusi\u00f3n!<\/p>\n<p>En el siguiente enlace pod\u00e9is ver algunas fotograf\u00edas:<\/p>\n<p><a href=\"https:\/\/photos.app.goo.gl\/Hmm1ThWLTtrC37nK9\">https:\/\/photos.app.goo.gl\/Hmm1ThWLTtrC37nK9<\/a><\/p>\n","protected":false},"excerpt":{"rendered":"<p><a href=\"https:\/\/agora.xtec.cat\/escguillemisarn\/wp-content\/uploads\/usu1631\/2023\/06\/38bdf35af7f6b6bdafcaf709b51a8d3e_XL.jpg\"><\/a><br \/>\nLos alumnos y las alumnas de 5\u00ba curso han realizado unas exposiciones orales sobre su afici\u00f3n. Han preparado una presentaci\u00f3n Power Point y lo han explicado delante de sus compa\u00f1eros\/as. \u00a1Lo han hecho con muchas ganas e ilusi\u00f3n!<br \/>\nEn el siguiente enlace pod\u00e9is ver algunas&hellip;  <a href=\"https:\/\/agora.xtec.cat\/escguillemisarn\/general\/exposiciones-orales-lengua-castellana\/\" title=\"Read EXPOSICIONES ORALES LENGUA CASTELLANA\">Llegeix m\u00e9s\u00bb<\/a><\/p>\n","protected":false},"author":1,"featured_media":0,"comment_status":"open","ping_status":"closed","sticky":false,"template":"","format":"standard","meta":{"_bbp_topic_count":0,"_bbp_reply_count":0,"_bbp_total_topic_count":0,"_bbp_total_reply_count":0,"_bbp_voice_count":0,"_bbp_anonymous_reply_count":0,"_bbp_topic_count_hidden":0,"_bbp_reply_count_hidden":0,"_bbp_forum_subforum_count":0,"footnotes":""},"categories":[73,1,4,5],"tags":[],"class_list":["post-2853","post","type-post","status-publish","format-standard","hentry","category-cs","category-general","category-portada","category-primaria"],"post_mailing_queue_ids":[],"_links":{"self":[{"href":"https:\/\/agora.xtec.cat\/escguillemisarn\/wp-json\/wp\/v2\/posts\/2853","targetHints":{"allow":["GET"]}}],"collection":[{"href":"https:\/\/agora.xtec.cat\/escguillemisarn\/wp-json\/wp\/v2\/posts"}],"about":[{"href":"https:\/\/agora.xtec.cat\/escguillemisarn\/wp-json\/wp\/v2\/types\/post"}],"author":[{"embeddable":true,"href":"https:\/\/agora.xtec.cat\/escguillemisarn\/wp-json\/wp\/v2\/users\/1"}],"replies":[{"embeddable":true,"href":"https:\/\/agora.xtec.cat\/escguillemisarn\/wp-json\/wp\/v2\/comments?post=2853"}],"version-history":[{"count":1,"href":"https:\/\/agora.xtec.cat\/escguillemisarn\/wp-json\/wp\/v2\/posts\/2853\/revisions"}],"predecessor-version":[{"id":2855,"href":"https:\/\/agora.xtec.cat\/escguillemisarn\/wp-json\/wp\/v2\/posts\/2853\/revisions\/2855"}],"wp:attachment":[{"href":"https:\/\/agora.xtec.cat\/escguillemisarn\/wp-json\/wp\/v2\/media?parent=2853"}],"wp:term":[{"taxonomy":"category","embeddable":true,"href":"https:\/\/agora.xtec.cat\/escguillemisarn\/wp-json\/wp\/v2\/categories?post=2853"},{"taxonomy":"post_tag","embeddable":true,"href":"https:\/\/agora.xtec.cat\/escguillemisarn\/wp-json\/wp\/v2\/tags?post=2853"}],"curies":[{"name":"wp","href":"https:\/\/api.w.org\/{rel}","templated":true}]}}