{"id":2827,"date":"2023-05-31T11:06:41","date_gmt":"2023-05-31T09:06:41","guid":{"rendered":"https:\/\/agora.xtec.cat\/escguillemisarn\/?p=2827"},"modified":"2023-05-31T11:26:58","modified_gmt":"2023-05-31T09:26:58","slug":"ens-agrada-compartir-experiencies","status":"publish","type":"post","link":"https:\/\/agora.xtec.cat\/escguillemisarn\/general\/ens-agrada-compartir-experiencies\/","title":{"rendered":"ENS AGRADA COMPARTIR EXPERI\u00c8NCIES!!"},"content":{"rendered":"<p>Als nens i nenes d&#8217;educaci\u00f3 infantil els agrada explicar experi\u00e8ncies que han viscut i compartir-les amb els seus companys i companyes. Aquesta \u00e9s una bona manera de treballar el llenguatge verbal i la comunicaci\u00f3, l&#8217;escolta i el respecte als altres, i potenciar l&#8217;espai propi i l&#8217;autoestima personal.<\/p>\n<p>A I3, els nens i nenes es converteixen en reporters i reporteres per un cap de setmana. Aqu\u00ed en podeu veure les fotos mentre ens ho explicaven. <a href=\"https:\/\/photos.app.goo.gl\/ZXqpsdv6zxF46Uok8\">https:\/\/photos.app.goo.gl\/ZXqpsdv6zxF46Uok8<\/a><\/p>\n<p>A I4, realitzen el fil de la vida aportant fotos des que s\u00f3n ben petits fins ara. Aqu\u00ed en podeu veure el recull.\u00a0 <a href=\"https:\/\/photos.app.goo.gl\/m77pXVWu4Zh2coZy8\">https:\/\/photos.app.goo.gl\/m77pXVWu4Zh2coZy8<\/a><\/p>\n<p>I a I5, completen el fil de la vida portant fotos d&#8217;experi\u00e8ncies viscudes, aficions i activitats que els agrada molt fer. Cliqueu a l&#8217;enlla\u00e7. \u00a0<a href=\"https:\/\/photos.app.goo.gl\/T6YbciaufPuMqUsX8\">https:\/\/photos.app.goo.gl\/T6YbciaufPuMqUsX8<\/a><\/p>\n<p><a href=\"https:\/\/agora.xtec.cat\/escguillemisarn\/wp-content\/uploads\/usu1631\/2023\/05\/experiencies-2.jpg\"><img loading=\"lazy\" decoding=\"async\" class=\"wp-image-2838 aligncenter\" src=\"https:\/\/agora.xtec.cat\/escguillemisarn\/wp-content\/uploads\/usu1631\/2023\/05\/experiencies-2.jpg\" alt=\"\" width=\"314\" height=\"177\" srcset=\"https:\/\/agora.xtec.cat\/escguillemisarn\/wp-content\/uploads\/usu1631\/2023\/05\/experiencies-2.jpg 448w, https:\/\/agora.xtec.cat\/escguillemisarn\/wp-content\/uploads\/usu1631\/2023\/05\/experiencies-2-300x169.jpg 300w\" sizes=\"auto, (max-width: 314px) 100vw, 314px\" \/><\/a><\/p>\n<p>&nbsp;<\/p>\n","protected":false},"excerpt":{"rendered":"<p>Als nens i nenes d&#8217;educaci\u00f3 infantil els agrada explicar experi\u00e8ncies que han viscut i compartir-les amb els seus companys i companyes. Aquesta \u00e9s una bona manera de treballar el llenguatge verbal i la comunicaci\u00f3, l&#8217;escolta i el respecte als altres, i potenciar l&#8217;espai propi i&hellip;  <a href=\"https:\/\/agora.xtec.cat\/escguillemisarn\/general\/ens-agrada-compartir-experiencies\/\" title=\"Read ENS AGRADA COMPARTIR EXPERI\u00c8NCIES!!\">Llegeix m\u00e9s\u00bb<\/a><\/p>\n","protected":false},"author":14,"featured_media":0,"comment_status":"open","ping_status":"closed","sticky":false,"template":"","format":"standard","meta":{"_bbp_topic_count":0,"_bbp_reply_count":0,"_bbp_total_topic_count":0,"_bbp_total_reply_count":0,"_bbp_voice_count":0,"_bbp_anonymous_reply_count":0,"_bbp_topic_count_hidden":0,"_bbp_reply_count_hidden":0,"_bbp_forum_subforum_count":0,"footnotes":""},"categories":[1,2,4],"tags":[],"class_list":["post-2827","post","type-post","status-publish","format-standard","hentry","category-general","category-infantil","category-portada"],"post_mailing_queue_ids":[],"_links":{"self":[{"href":"https:\/\/agora.xtec.cat\/escguillemisarn\/wp-json\/wp\/v2\/posts\/2827","targetHints":{"allow":["GET"]}}],"collection":[{"href":"https:\/\/agora.xtec.cat\/escguillemisarn\/wp-json\/wp\/v2\/posts"}],"about":[{"href":"https:\/\/agora.xtec.cat\/escguillemisarn\/wp-json\/wp\/v2\/types\/post"}],"author":[{"embeddable":true,"href":"https:\/\/agora.xtec.cat\/escguillemisarn\/wp-json\/wp\/v2\/users\/14"}],"replies":[{"embeddable":true,"href":"https:\/\/agora.xtec.cat\/escguillemisarn\/wp-json\/wp\/v2\/comments?post=2827"}],"version-history":[{"count":6,"href":"https:\/\/agora.xtec.cat\/escguillemisarn\/wp-json\/wp\/v2\/posts\/2827\/revisions"}],"predecessor-version":[{"id":2841,"href":"https:\/\/agora.xtec.cat\/escguillemisarn\/wp-json\/wp\/v2\/posts\/2827\/revisions\/2841"}],"wp:attachment":[{"href":"https:\/\/agora.xtec.cat\/escguillemisarn\/wp-json\/wp\/v2\/media?parent=2827"}],"wp:term":[{"taxonomy":"category","embeddable":true,"href":"https:\/\/agora.xtec.cat\/escguillemisarn\/wp-json\/wp\/v2\/categories?post=2827"},{"taxonomy":"post_tag","embeddable":true,"href":"https:\/\/agora.xtec.cat\/escguillemisarn\/wp-json\/wp\/v2\/tags?post=2827"}],"curies":[{"name":"wp","href":"https:\/\/api.w.org\/{rel}","templated":true}]}}