{"id":2820,"date":"2023-05-30T09:17:24","date_gmt":"2023-05-30T07:17:24","guid":{"rendered":"https:\/\/agora.xtec.cat\/escguillemisarn\/?p=2820"},"modified":"2023-05-30T09:17:24","modified_gmt":"2023-05-30T07:17:24","slug":"ens-arriben-taules-i-cadires-noves","status":"publish","type":"post","link":"https:\/\/agora.xtec.cat\/escguillemisarn\/general\/ens-arriben-taules-i-cadires-noves\/","title":{"rendered":"Ens arriben taules i cadires noves!"},"content":{"rendered":"<p><a href=\"https:\/\/agora.xtec.cat\/escguillemisarn\/wp-content\/uploads\/usu1631\/2023\/05\/historia-mobiliario-escolar.jpg\"><img loading=\"lazy\" decoding=\"async\" class=\"wp-image-2821 alignleft\" src=\"https:\/\/agora.xtec.cat\/escguillemisarn\/wp-content\/uploads\/usu1631\/2023\/05\/historia-mobiliario-escolar-1024x554.jpg\" alt=\"\" width=\"359\" height=\"194\" srcset=\"https:\/\/agora.xtec.cat\/escguillemisarn\/wp-content\/uploads\/usu1631\/2023\/05\/historia-mobiliario-escolar-1024x554.jpg 1024w, https:\/\/agora.xtec.cat\/escguillemisarn\/wp-content\/uploads\/usu1631\/2023\/05\/historia-mobiliario-escolar-300x162.jpg 300w, https:\/\/agora.xtec.cat\/escguillemisarn\/wp-content\/uploads\/usu1631\/2023\/05\/historia-mobiliario-escolar-768x415.jpg 768w, https:\/\/agora.xtec.cat\/escguillemisarn\/wp-content\/uploads\/usu1631\/2023\/05\/historia-mobiliario-escolar.jpg 1110w\" sizes=\"auto, (max-width: 359px) 100vw, 359px\" \/><\/a>Degut al pas de l&#8217;alumnat i del temps, el mobiliari de l&#8217;escola s&#8217;havia anat deteriorant tot i que podem dir que estem molt satisfets de com l&#8217;alumnat cuida del material i del seu entorn. No obstant aix\u00f2, a cicle mitj\u00e0 hi havia des de feia anys algun marge de millora en la qualitat i l&#8217;estat de les cadires on s&#8217;asseuen els infants. Les taules tamb\u00e9 calia renovar-les. Vam aprofitar per demanar al Departament d&#8217;Educaci\u00f3 aquesta renovaci\u00f3 de taules i cadires. Doncs ens han arribat 60 conjunts de taules i cadires noves que ja estan instal\u00b7lades a les aules respectives. Han arribat de dues mides, les corresponents per a infants de cicle mitj\u00e0 (talla 4) i les corresponents a infants de cicle superior (talla 5). Totes elles color faig que tamb\u00e9 fa m\u00e9s amable l&#8217;est\u00e8tica de l&#8217;aula.<\/p>\n<p>Aix\u00ed que volem agrair al Departament d&#8217;Educaci\u00f3, i concretament als Serveis Territorials de Lleida, la seva gesti\u00f3 \u00e0gil i efica\u00e7 que ha tingut en aquesta renovaci\u00f3 de part del mobiliari de les nostres aules, fent aix\u00ed, una escola m\u00e9s agradable.<\/p>\n<p>Si voleu veure com han quedat les aules, aqu\u00ed us en deixem un tastet:\u00a0<a href=\"https:\/\/photos.app.goo.gl\/vwii7LsoHaPBgLqq7\">https:\/\/photos.app.goo.gl\/vwii7LsoHaPBgLqq7<\/a><\/p>\n","protected":false},"excerpt":{"rendered":"<p><a href=\"https:\/\/agora.xtec.cat\/escguillemisarn\/wp-content\/uploads\/usu1631\/2023\/05\/historia-mobiliario-escolar.jpg\"><\/a>Degut al pas de l&#8217;alumnat i del temps, el mobiliari de l&#8217;escola s&#8217;havia anat deteriorant tot i que podem dir que estem molt satisfets de com l&#8217;alumnat cuida del material i del seu entorn. No obstant aix\u00f2, a cicle mitj\u00e0 hi havia des de&hellip;  <a href=\"https:\/\/agora.xtec.cat\/escguillemisarn\/general\/ens-arriben-taules-i-cadires-noves\/\" title=\"Read Ens arriben taules i cadires noves!\">Llegeix m\u00e9s\u00bb<\/a><\/p>\n","protected":false},"author":1,"featured_media":0,"comment_status":"open","ping_status":"closed","sticky":false,"template":"","format":"standard","meta":{"_bbp_topic_count":0,"_bbp_reply_count":0,"_bbp_total_topic_count":0,"_bbp_total_reply_count":0,"_bbp_voice_count":0,"_bbp_anonymous_reply_count":0,"_bbp_topic_count_hidden":0,"_bbp_reply_count_hidden":0,"_bbp_forum_subforum_count":0,"footnotes":""},"categories":[72,73,1,4,5],"tags":[],"class_list":["post-2820","post","type-post","status-publish","format-standard","hentry","category-cm","category-cs","category-general","category-portada","category-primaria"],"post_mailing_queue_ids":[],"_links":{"self":[{"href":"https:\/\/agora.xtec.cat\/escguillemisarn\/wp-json\/wp\/v2\/posts\/2820","targetHints":{"allow":["GET"]}}],"collection":[{"href":"https:\/\/agora.xtec.cat\/escguillemisarn\/wp-json\/wp\/v2\/posts"}],"about":[{"href":"https:\/\/agora.xtec.cat\/escguillemisarn\/wp-json\/wp\/v2\/types\/post"}],"author":[{"embeddable":true,"href":"https:\/\/agora.xtec.cat\/escguillemisarn\/wp-json\/wp\/v2\/users\/1"}],"replies":[{"embeddable":true,"href":"https:\/\/agora.xtec.cat\/escguillemisarn\/wp-json\/wp\/v2\/comments?post=2820"}],"version-history":[{"count":1,"href":"https:\/\/agora.xtec.cat\/escguillemisarn\/wp-json\/wp\/v2\/posts\/2820\/revisions"}],"predecessor-version":[{"id":2822,"href":"https:\/\/agora.xtec.cat\/escguillemisarn\/wp-json\/wp\/v2\/posts\/2820\/revisions\/2822"}],"wp:attachment":[{"href":"https:\/\/agora.xtec.cat\/escguillemisarn\/wp-json\/wp\/v2\/media?parent=2820"}],"wp:term":[{"taxonomy":"category","embeddable":true,"href":"https:\/\/agora.xtec.cat\/escguillemisarn\/wp-json\/wp\/v2\/categories?post=2820"},{"taxonomy":"post_tag","embeddable":true,"href":"https:\/\/agora.xtec.cat\/escguillemisarn\/wp-json\/wp\/v2\/tags?post=2820"}],"curies":[{"name":"wp","href":"https:\/\/api.w.org\/{rel}","templated":true}]}}