{"id":2807,"date":"2023-05-25T13:57:49","date_gmt":"2023-05-25T11:57:49","guid":{"rendered":"https:\/\/agora.xtec.cat\/escguillemisarn\/?p=2807"},"modified":"2023-05-25T13:57:58","modified_gmt":"2023-05-25T11:57:58","slug":"estrenem-minimons-i-taules-de-llum","status":"publish","type":"post","link":"https:\/\/agora.xtec.cat\/escguillemisarn\/general\/estrenem-minimons-i-taules-de-llum\/","title":{"rendered":"ESTRENEM MINIMONS I TAULES DE LLUM!!"},"content":{"rendered":"<p>Aquest any hem tingut la sort de poder vestir un espai de l&#8217;escola i convertir-lo en una aula sensorial. Ja disposem de molt material i ben divers que poc a poc anem descobrint amb els nostres alumnes. Els nens i nenes d&#8217;educaci\u00f3 infantil ja hem pogut estrenar els minimons i les taules de llum. Com ens agrada jugar tot manipulant, observant i creant hist\u00f2ries amb els nous materials. Aqu\u00ed en teniu una petita mostra dels nostres primeres moments amb aquest material tant enriquidor. Ho estem disfrutat molt\u00edssim!!!<\/p>\n<p><a href=\"https:\/\/photos.app.goo.gl\/dHu76vodj9UHDvPQ9\">https:\/\/photos.app.goo.gl\/dHu76vodj9UHDvPQ9<\/a><\/p>\n<p><img loading=\"lazy\" decoding=\"async\" class=\"\" src=\"https:\/\/lh3.googleusercontent.com\/pw\/AJFCJaVSCFbn--JbOnO3zlVoOIAtpShQNFRc3Vu-d1BGDxhVbnq7wZaimMSDPUqNV5stWCHel7Gi5Pyz1GiN9YX7ZoEjkpJNl32GCv_JQQLXTEeU_5GNaltofOfR5QNX-b5yE46lXdwDm0eNfap1JDpB2KQ7=w1280-h720-s-no?authuser=0\" width=\"281\" height=\"158\" \/>\u00a0 \u00a0 \u00a0 <img loading=\"lazy\" decoding=\"async\" class=\"\" src=\"https:\/\/lh3.googleusercontent.com\/pw\/AJFCJaXodW_-4nca0zXij_Wnv1q6Kk-4kilKZ2Byz6Nf7PSscBp8jlfdBa116Ef2dJAAqjwI3JbVjzXMV-RkCG5PyP70Elu6fVQlf0Air2BcSSQwOizxSAbDpJH2ua2aGl51FaPnw6-Y8dJg2Sy7aPHbHfA1=w1280-h720-s-no?authuser=0\" width=\"283\" height=\"159\" \/><\/p>\n","protected":false},"excerpt":{"rendered":"<p>Aquest any hem tingut la sort de poder vestir un espai de l&#8217;escola i convertir-lo en una aula sensorial. Ja disposem de molt material i ben divers que poc a poc anem descobrint amb els nostres alumnes. Els nens i nenes d&#8217;educaci\u00f3 infantil ja hem&hellip;  <a href=\"https:\/\/agora.xtec.cat\/escguillemisarn\/general\/estrenem-minimons-i-taules-de-llum\/\" title=\"Read ESTRENEM MINIMONS I TAULES DE LLUM!!\">Llegeix m\u00e9s\u00bb<\/a><\/p>\n","protected":false},"author":14,"featured_media":0,"comment_status":"open","ping_status":"closed","sticky":false,"template":"","format":"standard","meta":{"_bbp_topic_count":0,"_bbp_reply_count":0,"_bbp_total_topic_count":0,"_bbp_total_reply_count":0,"_bbp_voice_count":0,"_bbp_anonymous_reply_count":0,"_bbp_topic_count_hidden":0,"_bbp_reply_count_hidden":0,"_bbp_forum_subforum_count":0,"footnotes":""},"categories":[1,2,4],"tags":[],"class_list":["post-2807","post","type-post","status-publish","format-standard","hentry","category-general","category-infantil","category-portada"],"post_mailing_queue_ids":[],"_links":{"self":[{"href":"https:\/\/agora.xtec.cat\/escguillemisarn\/wp-json\/wp\/v2\/posts\/2807","targetHints":{"allow":["GET"]}}],"collection":[{"href":"https:\/\/agora.xtec.cat\/escguillemisarn\/wp-json\/wp\/v2\/posts"}],"about":[{"href":"https:\/\/agora.xtec.cat\/escguillemisarn\/wp-json\/wp\/v2\/types\/post"}],"author":[{"embeddable":true,"href":"https:\/\/agora.xtec.cat\/escguillemisarn\/wp-json\/wp\/v2\/users\/14"}],"replies":[{"embeddable":true,"href":"https:\/\/agora.xtec.cat\/escguillemisarn\/wp-json\/wp\/v2\/comments?post=2807"}],"version-history":[{"count":3,"href":"https:\/\/agora.xtec.cat\/escguillemisarn\/wp-json\/wp\/v2\/posts\/2807\/revisions"}],"predecessor-version":[{"id":2813,"href":"https:\/\/agora.xtec.cat\/escguillemisarn\/wp-json\/wp\/v2\/posts\/2807\/revisions\/2813"}],"wp:attachment":[{"href":"https:\/\/agora.xtec.cat\/escguillemisarn\/wp-json\/wp\/v2\/media?parent=2807"}],"wp:term":[{"taxonomy":"category","embeddable":true,"href":"https:\/\/agora.xtec.cat\/escguillemisarn\/wp-json\/wp\/v2\/categories?post=2807"},{"taxonomy":"post_tag","embeddable":true,"href":"https:\/\/agora.xtec.cat\/escguillemisarn\/wp-json\/wp\/v2\/tags?post=2807"}],"curies":[{"name":"wp","href":"https:\/\/api.w.org\/{rel}","templated":true}]}}