{"id":2802,"date":"2023-05-18T21:49:25","date_gmt":"2023-05-18T19:49:25","guid":{"rendered":"https:\/\/agora.xtec.cat\/escguillemisarn\/?p=2802"},"modified":"2023-05-19T09:48:13","modified_gmt":"2023-05-19T07:48:13","slug":"lassociacio-refem-visita-6e","status":"publish","type":"post","link":"https:\/\/agora.xtec.cat\/escguillemisarn\/general\/lassociacio-refem-visita-6e\/","title":{"rendered":"L&#8217;Associaci\u00f3 REFEM visita 6\u00e8"},"content":{"rendered":"<p style=\"padding-left: 40px;\"><em>&#8220;Un cop fet el Mercat d&#8217;Intercanvi de Roba de Segona M\u00e0, qu\u00e8 fem amb la roba que sobra?&#8221;<\/em> &#8211; Ens vam plantejar.<\/p>\n<p>Des de l&#8217;assignatura de Valors ens vam posar en contacte amb l&#8217;associaci\u00f3 Refem de Lleida mitjan\u00e7ant un correu electr\u00f2nic. Les hi vam dir que ens agradaria poder col\u00b7laborar amb la seva tasca posant el nostre granet d&#8217;arena, i aviat ens van contestar que vindrien a buscar-la, ens explicarien la seva tasca i ens regalarien un conte que des de l&#8217;associaci\u00f3 van fer.<\/p>\n<p>L&#8217;Iris i la M\u00edriam ens han explicat que treballen amb dones que han patit viol\u00e8ncia masclista. Els hi cedeixen un habitatge a elles i les seves filles i fills mentre esperen per ser reubicades. A vegades, es veuen obligades a mudar-se sovint de ciutat pel perill que corren. Com que \u00e9s veuen obligades a marxar amb poc temps de marge, han de deixar gaireb\u00e9 totes les pertinences que tenen i, \u00e9s clar, necessiten roba a m\u00e9s a m\u00e9s dels altres recursos que les hi proporciona l&#8217;associaci\u00f3.<\/p>\n<p>Als fills i filles els hi costa assimilar la situaci\u00f3: apartar-se dels seus amics i amigues a qui, segurament, no tornaran a veure mai; deixar la seva casa, el seu barri&#8230; I no entenen per qu\u00e8 han de marxar. Per aquesta ra\u00f3 des de Refem van fer un conte perqu\u00e8 els hi sigui m\u00e9s f\u00e0cil d&#8217;entendre.<\/p>\n<p>Ha estat una visita molt interessant. Esperem que m\u00e9s persones s&#8217;animin a col\u00b7laborar amb elles tal i com ho heu fet les fam\u00edlies dels i les alumnes de 6\u00e8. Des d&#8217;aqu\u00ed, molt\u00edssimes gr\u00e0cies de nou.<\/p>\n<p>Aqu\u00ed deixem un petit recull de la trobada:<\/p>\n<p><a href=\"https:\/\/photos.app.goo.gl\/MasYGX5PamLEM45f9\">https:\/\/photos.app.goo.gl\/MasYGX5PamLEM45f9<\/a><\/p>\n<p><a href=\"https:\/\/agora.xtec.cat\/escguillemisarn\/wp-content\/uploads\/usu1631\/2023\/05\/Screenshot_20230518_214722_Samsung-Internet.jpg\"><img loading=\"lazy\" decoding=\"async\" class=\"alignnone size-full wp-image-2803\" src=\"https:\/\/agora.xtec.cat\/escguillemisarn\/wp-content\/uploads\/usu1631\/2023\/05\/Screenshot_20230518_214722_Samsung-Internet.jpg\" alt=\"\" width=\"781\" height=\"759\" srcset=\"https:\/\/agora.xtec.cat\/escguillemisarn\/wp-content\/uploads\/usu1631\/2023\/05\/Screenshot_20230518_214722_Samsung-Internet.jpg 781w, https:\/\/agora.xtec.cat\/escguillemisarn\/wp-content\/uploads\/usu1631\/2023\/05\/Screenshot_20230518_214722_Samsung-Internet-300x292.jpg 300w, https:\/\/agora.xtec.cat\/escguillemisarn\/wp-content\/uploads\/usu1631\/2023\/05\/Screenshot_20230518_214722_Samsung-Internet-768x746.jpg 768w\" sizes=\"auto, (max-width: 781px) 100vw, 781px\" \/><\/a><\/p>\n","protected":false},"excerpt":{"rendered":"<p>&#8220;Un cop fet el Mercat d&#8217;Intercanvi de Roba de Segona M\u00e0, qu\u00e8 fem amb la roba que sobra?&#8221; &#8211; Ens vam plantejar.<br \/>\nDes de l&#8217;assignatura de Valors ens vam posar en contacte amb l&#8217;associaci\u00f3 Refem de Lleida mitjan\u00e7ant un correu electr\u00f2nic. Les hi vam dir que&hellip;  <a href=\"https:\/\/agora.xtec.cat\/escguillemisarn\/general\/lassociacio-refem-visita-6e\/\" title=\"Read L&#8217;Associaci\u00f3 REFEM visita 6\u00e8\">Llegeix m\u00e9s\u00bb<\/a><\/p>\n","protected":false},"author":7,"featured_media":2803,"comment_status":"open","ping_status":"closed","sticky":false,"template":"","format":"standard","meta":{"_bbp_topic_count":0,"_bbp_reply_count":0,"_bbp_total_topic_count":0,"_bbp_total_reply_count":0,"_bbp_voice_count":0,"_bbp_anonymous_reply_count":0,"_bbp_topic_count_hidden":0,"_bbp_reply_count_hidden":0,"_bbp_forum_subforum_count":0,"footnotes":""},"categories":[73,77,1,4,5],"tags":[],"class_list":["post-2802","post","type-post","status-publish","format-standard","has-post-thumbnail","hentry","category-cs","category-escola-verda","category-general","category-portada","category-primaria"],"post_mailing_queue_ids":[],"_links":{"self":[{"href":"https:\/\/agora.xtec.cat\/escguillemisarn\/wp-json\/wp\/v2\/posts\/2802","targetHints":{"allow":["GET"]}}],"collection":[{"href":"https:\/\/agora.xtec.cat\/escguillemisarn\/wp-json\/wp\/v2\/posts"}],"about":[{"href":"https:\/\/agora.xtec.cat\/escguillemisarn\/wp-json\/wp\/v2\/types\/post"}],"author":[{"embeddable":true,"href":"https:\/\/agora.xtec.cat\/escguillemisarn\/wp-json\/wp\/v2\/users\/7"}],"replies":[{"embeddable":true,"href":"https:\/\/agora.xtec.cat\/escguillemisarn\/wp-json\/wp\/v2\/comments?post=2802"}],"version-history":[{"count":3,"href":"https:\/\/agora.xtec.cat\/escguillemisarn\/wp-json\/wp\/v2\/posts\/2802\/revisions"}],"predecessor-version":[{"id":2806,"href":"https:\/\/agora.xtec.cat\/escguillemisarn\/wp-json\/wp\/v2\/posts\/2802\/revisions\/2806"}],"wp:featuredmedia":[{"embeddable":true,"href":"https:\/\/agora.xtec.cat\/escguillemisarn\/wp-json\/wp\/v2\/media\/2803"}],"wp:attachment":[{"href":"https:\/\/agora.xtec.cat\/escguillemisarn\/wp-json\/wp\/v2\/media?parent=2802"}],"wp:term":[{"taxonomy":"category","embeddable":true,"href":"https:\/\/agora.xtec.cat\/escguillemisarn\/wp-json\/wp\/v2\/categories?post=2802"},{"taxonomy":"post_tag","embeddable":true,"href":"https:\/\/agora.xtec.cat\/escguillemisarn\/wp-json\/wp\/v2\/tags?post=2802"}],"curies":[{"name":"wp","href":"https:\/\/api.w.org\/{rel}","templated":true}]}}