{"id":2797,"date":"2023-05-11T15:00:34","date_gmt":"2023-05-11T13:00:34","guid":{"rendered":"https:\/\/agora.xtec.cat\/escguillemisarn\/?p=2797"},"modified":"2023-05-11T15:00:34","modified_gmt":"2023-05-11T13:00:34","slug":"camp-daprenentatge-de-juneda","status":"publish","type":"post","link":"https:\/\/agora.xtec.cat\/escguillemisarn\/general\/camp-daprenentatge-de-juneda\/","title":{"rendered":"Camp d\u2019aprenentatge de Juneda"},"content":{"rendered":"<p>Els i les alumnes de cicle mitj\u00e0 i superior hem anat d\u2019excursi\u00f3 a Juneda. Hem conegut el m\u00f3n meravell\u00f3s de les abelles. Hem anat a veure les arnes i hem pogut observar els ruscs, les abelles obreres, abelles \u00a0que portaven pol.len, els seus ous i sobretot, la mel!!!!<\/p>\n<p>Despr\u00e9s hem fet un tast de mels!!!! Mel de mil flors, de roman\u00ed i de bosc. Quins gustos m\u00e9s peculiars!!!<\/p>\n<p><a href=\"https:\/\/photos.app.goo.gl\/z65KxM2YFQkEt7we6\">https:\/\/photos.app.goo.gl\/z65KxM2YFQkEt7we6<\/a><\/p>\n<p>&nbsp;<\/p>\n<p>&nbsp;<\/p>\n<p>&nbsp;<\/p>\n","protected":false},"excerpt":{"rendered":"<p>Els i les alumnes de cicle mitj\u00e0 i superior hem anat d\u2019excursi\u00f3 a Juneda. Hem conegut el m\u00f3n meravell\u00f3s de les abelles. Hem anat a veure les arnes i hem pogut observar els ruscs, les abelles obreres, abelles \u00a0que portaven pol.len, els seus ous i&hellip;  <a href=\"https:\/\/agora.xtec.cat\/escguillemisarn\/general\/camp-daprenentatge-de-juneda\/\" title=\"Read Camp d\u2019aprenentatge de Juneda\">Llegeix m\u00e9s\u00bb<\/a><\/p>\n","protected":false},"author":11,"featured_media":2798,"comment_status":"open","ping_status":"closed","sticky":false,"template":"","format":"standard","meta":{"_bbp_topic_count":0,"_bbp_reply_count":0,"_bbp_total_topic_count":0,"_bbp_total_reply_count":0,"_bbp_voice_count":0,"_bbp_anonymous_reply_count":0,"_bbp_topic_count_hidden":0,"_bbp_reply_count_hidden":0,"_bbp_forum_subforum_count":0,"footnotes":""},"categories":[72,73,1,4,5],"tags":[],"class_list":["post-2797","post","type-post","status-publish","format-standard","has-post-thumbnail","hentry","category-cm","category-cs","category-general","category-portada","category-primaria"],"post_mailing_queue_ids":[],"_links":{"self":[{"href":"https:\/\/agora.xtec.cat\/escguillemisarn\/wp-json\/wp\/v2\/posts\/2797","targetHints":{"allow":["GET"]}}],"collection":[{"href":"https:\/\/agora.xtec.cat\/escguillemisarn\/wp-json\/wp\/v2\/posts"}],"about":[{"href":"https:\/\/agora.xtec.cat\/escguillemisarn\/wp-json\/wp\/v2\/types\/post"}],"author":[{"embeddable":true,"href":"https:\/\/agora.xtec.cat\/escguillemisarn\/wp-json\/wp\/v2\/users\/11"}],"replies":[{"embeddable":true,"href":"https:\/\/agora.xtec.cat\/escguillemisarn\/wp-json\/wp\/v2\/comments?post=2797"}],"version-history":[{"count":1,"href":"https:\/\/agora.xtec.cat\/escguillemisarn\/wp-json\/wp\/v2\/posts\/2797\/revisions"}],"predecessor-version":[{"id":2799,"href":"https:\/\/agora.xtec.cat\/escguillemisarn\/wp-json\/wp\/v2\/posts\/2797\/revisions\/2799"}],"wp:featuredmedia":[{"embeddable":true,"href":"https:\/\/agora.xtec.cat\/escguillemisarn\/wp-json\/wp\/v2\/media\/2798"}],"wp:attachment":[{"href":"https:\/\/agora.xtec.cat\/escguillemisarn\/wp-json\/wp\/v2\/media?parent=2797"}],"wp:term":[{"taxonomy":"category","embeddable":true,"href":"https:\/\/agora.xtec.cat\/escguillemisarn\/wp-json\/wp\/v2\/categories?post=2797"},{"taxonomy":"post_tag","embeddable":true,"href":"https:\/\/agora.xtec.cat\/escguillemisarn\/wp-json\/wp\/v2\/tags?post=2797"}],"curies":[{"name":"wp","href":"https:\/\/api.w.org\/{rel}","templated":true}]}}