{"id":2772,"date":"2023-04-28T19:25:22","date_gmt":"2023-04-28T17:25:22","guid":{"rendered":"https:\/\/agora.xtec.cat\/escguillemisarn\/?p=2772"},"modified":"2023-04-28T19:25:22","modified_gmt":"2023-04-28T17:25:22","slug":"excursio-al-castell-de-montsonis-educacio-infantil","status":"publish","type":"post","link":"https:\/\/agora.xtec.cat\/escguillemisarn\/general\/excursio-al-castell-de-montsonis-educacio-infantil\/","title":{"rendered":"EXCURSI\u00d3 AL CASTELL DE MONTSON\u00cdS EDUCACI\u00d3 INFANTIL"},"content":{"rendered":"<p>Aquest divendres 28 d&#8217;abril els nens i nenes d&#8217;infantil hem visitat el castell de Montson\u00eds (\u00a0 un magn\u00edfic castell situat a la part alta de la poblaci\u00f3 de Montson\u00eds, envoltat de cases ).Un cop all\u00ed\u00a0 hem fet un viatge en el temps, disfrutant d&#8217;una visita teatralitzada representada per personatges de l&#8217;\u00e8poca medieval ( un preregr\u00ed, un servent i la senyora del castell).<\/p>\n<p>En\u00a0 acabar la visita , a la pla\u00e7a del castell hem fet un taller de jocs medievals.<\/p>\n<p>Per finalitzar hem anat al poble de Foradada.<a href=\"https:\/\/agora.xtec.cat\/escguillemisarn\/wp-content\/uploads\/usu1631\/2023\/04\/Castell_de_Montsonis-b.jpg\"><img loading=\"lazy\" decoding=\"async\" class=\"wp-image-2773 aligncenter\" src=\"https:\/\/agora.xtec.cat\/escguillemisarn\/wp-content\/uploads\/usu1631\/2023\/04\/Castell_de_Montsonis-b.jpg\" alt=\"\" width=\"141\" height=\"189\" srcset=\"https:\/\/agora.xtec.cat\/escguillemisarn\/wp-content\/uploads\/usu1631\/2023\/04\/Castell_de_Montsonis-b.jpg 640w, https:\/\/agora.xtec.cat\/escguillemisarn\/wp-content\/uploads\/usu1631\/2023\/04\/Castell_de_Montsonis-b-224x300.jpg 224w\" sizes=\"auto, (max-width: 141px) 100vw, 141px\" \/><\/a>Si voleu veure aquesta experi\u00e8ncia que ens ha agradat tant cliqueu a l&#8217;enlla\u00e7 de baix.<\/p>\n<p><a href=\"https:\/\/photos.app.goo.gl\/xgymotiwqHa72xNj8\">https:\/\/photos.app.goo.gl\/xgymotiwqHa72xNj8<\/a><\/p>\n<p>&nbsp;<\/p>\n","protected":false},"excerpt":{"rendered":"<p>Aquest divendres 28 d&#8217;abril els nens i nenes d&#8217;infantil hem visitat el castell de Montson\u00eds (\u00a0 un magn\u00edfic castell situat a la part alta de la poblaci\u00f3 de Montson\u00eds, envoltat de cases ).Un cop all\u00ed\u00a0 hem fet un viatge en el temps, disfrutant d&#8217;una visita&hellip;  <a href=\"https:\/\/agora.xtec.cat\/escguillemisarn\/general\/excursio-al-castell-de-montsonis-educacio-infantil\/\" title=\"Read EXCURSI\u00d3 AL CASTELL DE MONTSON\u00cdS EDUCACI\u00d3 INFANTIL\">Llegeix m\u00e9s\u00bb<\/a><\/p>\n","protected":false},"author":20,"featured_media":0,"comment_status":"open","ping_status":"closed","sticky":false,"template":"","format":"standard","meta":{"_bbp_topic_count":0,"_bbp_reply_count":0,"_bbp_total_topic_count":0,"_bbp_total_reply_count":0,"_bbp_voice_count":0,"_bbp_anonymous_reply_count":0,"_bbp_topic_count_hidden":0,"_bbp_reply_count_hidden":0,"_bbp_forum_subforum_count":0,"footnotes":""},"categories":[1,2,4],"tags":[],"class_list":["post-2772","post","type-post","status-publish","format-standard","hentry","category-general","category-infantil","category-portada"],"post_mailing_queue_ids":[],"_links":{"self":[{"href":"https:\/\/agora.xtec.cat\/escguillemisarn\/wp-json\/wp\/v2\/posts\/2772","targetHints":{"allow":["GET"]}}],"collection":[{"href":"https:\/\/agora.xtec.cat\/escguillemisarn\/wp-json\/wp\/v2\/posts"}],"about":[{"href":"https:\/\/agora.xtec.cat\/escguillemisarn\/wp-json\/wp\/v2\/types\/post"}],"author":[{"embeddable":true,"href":"https:\/\/agora.xtec.cat\/escguillemisarn\/wp-json\/wp\/v2\/users\/20"}],"replies":[{"embeddable":true,"href":"https:\/\/agora.xtec.cat\/escguillemisarn\/wp-json\/wp\/v2\/comments?post=2772"}],"version-history":[{"count":3,"href":"https:\/\/agora.xtec.cat\/escguillemisarn\/wp-json\/wp\/v2\/posts\/2772\/revisions"}],"predecessor-version":[{"id":2776,"href":"https:\/\/agora.xtec.cat\/escguillemisarn\/wp-json\/wp\/v2\/posts\/2772\/revisions\/2776"}],"wp:attachment":[{"href":"https:\/\/agora.xtec.cat\/escguillemisarn\/wp-json\/wp\/v2\/media?parent=2772"}],"wp:term":[{"taxonomy":"category","embeddable":true,"href":"https:\/\/agora.xtec.cat\/escguillemisarn\/wp-json\/wp\/v2\/categories?post=2772"},{"taxonomy":"post_tag","embeddable":true,"href":"https:\/\/agora.xtec.cat\/escguillemisarn\/wp-json\/wp\/v2\/tags?post=2772"}],"curies":[{"name":"wp","href":"https:\/\/api.w.org\/{rel}","templated":true}]}}