{"id":2768,"date":"2023-04-28T12:33:09","date_gmt":"2023-04-28T10:33:09","guid":{"rendered":"https:\/\/agora.xtec.cat\/escguillemisarn\/?p=2768"},"modified":"2023-04-28T12:33:09","modified_gmt":"2023-04-28T10:33:09","slug":"sortida-amb-bicicleta-a-montale-2","status":"publish","type":"post","link":"https:\/\/agora.xtec.cat\/escguillemisarn\/general\/sortida-amb-bicicleta-a-montale-2\/","title":{"rendered":"Sortida amb bicicleta a Montal\u00e8"},"content":{"rendered":"<p><a href=\"https:\/\/agora.xtec.cat\/escguillemisarn\/wp-content\/uploads\/usu1631\/2023\/04\/bici.jpg\"><img loading=\"lazy\" decoding=\"async\" class=\" wp-image-2769 alignleft\" src=\"https:\/\/agora.xtec.cat\/escguillemisarn\/wp-content\/uploads\/usu1631\/2023\/04\/bici.jpg\" alt=\"\" width=\"208\" height=\"208\" srcset=\"https:\/\/agora.xtec.cat\/escguillemisarn\/wp-content\/uploads\/usu1631\/2023\/04\/bici.jpg 1024w, https:\/\/agora.xtec.cat\/escguillemisarn\/wp-content\/uploads\/usu1631\/2023\/04\/bici-300x300.jpg 300w, https:\/\/agora.xtec.cat\/escguillemisarn\/wp-content\/uploads\/usu1631\/2023\/04\/bici-150x150.jpg 150w, https:\/\/agora.xtec.cat\/escguillemisarn\/wp-content\/uploads\/usu1631\/2023\/04\/bici-768x767.jpg 768w\" sizes=\"auto, (max-width: 208px) 100vw, 208px\" \/><\/a>Els infants de cicle mitj\u00e0 i cicle superior ja esperaven aquest dia: la tradicional sortida amb bicicletes fins a Montal\u00e9. La tradici\u00f3 ens marca que per la Mare de D\u00e9u de Montserrat els infants de l&#8217;escola fan una sortida a Montal\u00e9 que \u00e9s un monument del municipi d&#8217;Ivars d&#8217;Urgell (Pla d&#8217;Urgell) incl\u00f2s en l&#8217;Inventari del Patrimoni Arquitect\u00f2nic de Catalunya. \u00c9s l&#8217;\u00fanica casa que queda de l&#8217;antic poble de Montal\u00e9 a l&#8217;entorn del castell desaparegut.<\/p>\n<p>Aquest any, i per una \u00f2ptima organitzaci\u00f3 escolar, la sortida l&#8217;hem fet un dia despr\u00e9s. No obstant aix\u00f2, hem pogut gaudir de moments d&#8217;activitat f\u00edsica, una ruta amb bicicleta i d&#8217;una jornada de p\u00edcnic en un entorn molt bonic i proper.<\/p>\n<p>Tamb\u00e9 hem aprofitat per fer una actuaci\u00f3 emmarcada en el Let&#8217;s clean Europe, que \u00e9s\u00a0una acci\u00f3 comuna a tot Europa per conscienciar sobre la quantitat de residus que llencem de forma incontrolada a la natura i promoure accions de sensibilitzaci\u00f3 a trav\u00e9s de la recollida d&#8217;aquests residus abocats il\u00b7legalment.<\/p>\n<p>Podeu veure algunes fotografies al seg\u00fcent enlla\u00e7:\u00a0<a href=\"https:\/\/photos.app.goo.gl\/8HBrczc57JEnKKdK8\">https:\/\/photos.app.goo.gl\/8HBrczc57JEnKKdK8<\/a><\/p>\n","protected":false},"excerpt":{"rendered":"<p><a href=\"https:\/\/agora.xtec.cat\/escguillemisarn\/wp-content\/uploads\/usu1631\/2023\/04\/bici.jpg\"><\/a>Els infants de cicle mitj\u00e0 i cicle superior ja esperaven aquest dia: la tradicional sortida amb bicicletes fins a Montal\u00e9. La tradici\u00f3 ens marca que per la Mare de D\u00e9u de Montserrat els infants de l&#8217;escola fan una sortida a Montal\u00e9 que \u00e9s un&hellip;  <a href=\"https:\/\/agora.xtec.cat\/escguillemisarn\/general\/sortida-amb-bicicleta-a-montale-2\/\" title=\"Read Sortida amb bicicleta a Montal\u00e8\">Llegeix m\u00e9s\u00bb<\/a><\/p>\n","protected":false},"author":18,"featured_media":0,"comment_status":"open","ping_status":"closed","sticky":false,"template":"","format":"standard","meta":{"_bbp_topic_count":0,"_bbp_reply_count":0,"_bbp_total_topic_count":0,"_bbp_total_reply_count":0,"_bbp_voice_count":0,"_bbp_anonymous_reply_count":0,"_bbp_topic_count_hidden":0,"_bbp_reply_count_hidden":0,"_bbp_forum_subforum_count":0,"footnotes":""},"categories":[72,73,77,1,4,5],"tags":[],"class_list":["post-2768","post","type-post","status-publish","format-standard","hentry","category-cm","category-cs","category-escola-verda","category-general","category-portada","category-primaria"],"post_mailing_queue_ids":[],"_links":{"self":[{"href":"https:\/\/agora.xtec.cat\/escguillemisarn\/wp-json\/wp\/v2\/posts\/2768","targetHints":{"allow":["GET"]}}],"collection":[{"href":"https:\/\/agora.xtec.cat\/escguillemisarn\/wp-json\/wp\/v2\/posts"}],"about":[{"href":"https:\/\/agora.xtec.cat\/escguillemisarn\/wp-json\/wp\/v2\/types\/post"}],"author":[{"embeddable":true,"href":"https:\/\/agora.xtec.cat\/escguillemisarn\/wp-json\/wp\/v2\/users\/18"}],"replies":[{"embeddable":true,"href":"https:\/\/agora.xtec.cat\/escguillemisarn\/wp-json\/wp\/v2\/comments?post=2768"}],"version-history":[{"count":2,"href":"https:\/\/agora.xtec.cat\/escguillemisarn\/wp-json\/wp\/v2\/posts\/2768\/revisions"}],"predecessor-version":[{"id":2771,"href":"https:\/\/agora.xtec.cat\/escguillemisarn\/wp-json\/wp\/v2\/posts\/2768\/revisions\/2771"}],"wp:attachment":[{"href":"https:\/\/agora.xtec.cat\/escguillemisarn\/wp-json\/wp\/v2\/media?parent=2768"}],"wp:term":[{"taxonomy":"category","embeddable":true,"href":"https:\/\/agora.xtec.cat\/escguillemisarn\/wp-json\/wp\/v2\/categories?post=2768"},{"taxonomy":"post_tag","embeddable":true,"href":"https:\/\/agora.xtec.cat\/escguillemisarn\/wp-json\/wp\/v2\/tags?post=2768"}],"curies":[{"name":"wp","href":"https:\/\/api.w.org\/{rel}","templated":true}]}}