{"id":2757,"date":"2023-04-17T10:30:49","date_gmt":"2023-04-17T08:30:49","guid":{"rendered":"https:\/\/agora.xtec.cat\/escguillemisarn\/?p=2757"},"modified":"2023-04-28T12:34:36","modified_gmt":"2023-04-28T10:34:36","slug":"tenim-el-poder-pensa-globalment-i-actua-localment","status":"publish","type":"post","link":"https:\/\/agora.xtec.cat\/escguillemisarn\/general\/tenim-el-poder-pensa-globalment-i-actua-localment\/","title":{"rendered":"Tenim el poder: pensa globalment i actua localment"},"content":{"rendered":"<p><a href=\"https:\/\/agora.xtec.cat\/escguillemisarn\/wp-content\/uploads\/usu1631\/2023\/04\/ODS_Objectius_Desenvolupament_Sostenible_Respon.cat_SDG_Icons_CAT_Poster_A4.jpg\"><img loading=\"lazy\" decoding=\"async\" class=\"wp-image-2758 alignleft\" src=\"https:\/\/agora.xtec.cat\/escguillemisarn\/wp-content\/uploads\/usu1631\/2023\/04\/ODS_Objectius_Desenvolupament_Sostenible_Respon.cat_SDG_Icons_CAT_Poster_A4.jpg\" alt=\"\" width=\"424\" height=\"300\" srcset=\"https:\/\/agora.xtec.cat\/escguillemisarn\/wp-content\/uploads\/usu1631\/2023\/04\/ODS_Objectius_Desenvolupament_Sostenible_Respon.cat_SDG_Icons_CAT_Poster_A4.jpg 448w, https:\/\/agora.xtec.cat\/escguillemisarn\/wp-content\/uploads\/usu1631\/2023\/04\/ODS_Objectius_Desenvolupament_Sostenible_Respon.cat_SDG_Icons_CAT_Poster_A4-300x212.jpg 300w\" sizes=\"auto, (max-width: 424px) 100vw, 424px\" \/><\/a><\/p>\n<p>La setmana cultural de la nostra escola gira entorn dels 17 Objectius de Desenvolupament Sostenible (ODS). Al setembre de 2015, i amb l\u2019acord hist\u00f2ric de 193 pa\u00efsos, l\u2019Assemblea General de les Nacions Unides va aprovar l\u2019Agenda 2030 per al Desenvolupament Sostenible i els seus 17 objectius de desenvolupament sostenible (ODS), com a instrument global amb un ampli abast i una import\u00e0ncia sense precedents. Com a comprom\u00eds mundial, busca que tots els estats es proposin fermament posar fi a la pobresa i la fam, a combatre les desigualtats, protegir els drets humans, especialment de les persones m\u00e9s excloses i de major vulnerabilitat, promoure la igualtat de g\u00e8nere i l\u2019empoderament de les dones i les nenes, construir societats pac\u00edfiques, justes i inclusives i garantir una protecci\u00f3 resilient del planeta i dels seus recursos naturals. <b>Els ODS s\u00f3n disset objectius de car\u00e0cter ambiental, social i econ\u00f2mic<\/b>\u00a0que guien la implementaci\u00f3 de l\u2019Agenda 2030. Tots els objectius estan molt relacionats: per avan\u00e7ar en un cal avan\u00e7ar tamb\u00e9 en d\u2019altres. Volen ser unes fites concises, f\u00e0cils de comunicar, orientades a l\u2019acci\u00f3 i aplicables a tots els pa\u00efsos.<\/p>\n<p>Per tot aix\u00f2, perqu\u00e8 pensem que \u00e9s important treballar-los a nivell educatiu, la setmana cultural de la nostra escola va sobre els ODS. Aqu\u00ed us deixem els diferent enlla\u00e7os per anar veient les activitats que fem al centre durant tota aquesta setmana.<\/p>\n<p>&nbsp;<\/p>\n<p>INFANTIL:\u00a0<a href=\"https:\/\/photos.app.goo.gl\/JTF3rrhxoJHsFTRMA\">https:\/\/photos.app.goo.gl\/JTF3rrhxoJHsFTRMA<\/a><\/p>\n<p>CICLE INICIAL:\u00a0<a href=\"https:\/\/photos.app.goo.gl\/zijayBXJ4wp6jKoh9\">https:\/\/photos.app.goo.gl\/zijayBXJ4wp6jKoh9<\/a><\/p>\n<p>CICLE MITJ\u00c0:\u00a0<a href=\"https:\/\/photos.app.goo.gl\/2XcAM46BadNQqLej9\">https:\/\/photos.app.goo.gl\/2XcAM46BadNQqLej9<\/a><\/p>\n<p>CICLE SUPERIOR:\u00a0<a href=\"https:\/\/photos.app.goo.gl\/V3se3K1VEcHb5Qtb9\">https:\/\/photos.app.goo.gl\/V3se3K1VEcHb5Qtb9<\/a><\/p>\n<p>ACTIVITATS COMUNES:\u00a0<a href=\"https:\/\/photos.app.goo.gl\/H15PY6CyQHPz6cy59\">https:\/\/photos.app.goo.gl\/H15PY6CyQHPz6cy59<\/a><\/p>\n","protected":false},"excerpt":{"rendered":"<p><a href=\"https:\/\/agora.xtec.cat\/escguillemisarn\/wp-content\/uploads\/usu1631\/2023\/04\/ODS_Objectius_Desenvolupament_Sostenible_Respon.cat_SDG_Icons_CAT_Poster_A4.jpg\"><\/a><br \/>\nLa setmana cultural de la nostra escola gira entorn dels 17 Objectius de Desenvolupament Sostenible (ODS). Al setembre de 2015, i amb l\u2019acord hist\u00f2ric de 193 pa\u00efsos, l\u2019Assemblea General de les Nacions Unides va aprovar l\u2019Agenda 2030 per al Desenvolupament Sostenible i els seus&hellip;  <a href=\"https:\/\/agora.xtec.cat\/escguillemisarn\/general\/tenim-el-poder-pensa-globalment-i-actua-localment\/\" title=\"Read Tenim el poder: pensa globalment i actua localment\">Llegeix m\u00e9s\u00bb<\/a><\/p>\n","protected":false},"author":1,"featured_media":0,"comment_status":"open","ping_status":"closed","sticky":false,"template":"","format":"standard","meta":{"_bbp_topic_count":0,"_bbp_reply_count":0,"_bbp_total_topic_count":0,"_bbp_total_reply_count":0,"_bbp_voice_count":0,"_bbp_anonymous_reply_count":0,"_bbp_topic_count_hidden":0,"_bbp_reply_count_hidden":0,"_bbp_forum_subforum_count":0,"footnotes":""},"categories":[71,72,73,77,1,2,4,5],"tags":[],"class_list":["post-2757","post","type-post","status-publish","format-standard","hentry","category-ci","category-cm","category-cs","category-escola-verda","category-general","category-infantil","category-portada","category-primaria"],"post_mailing_queue_ids":[],"_links":{"self":[{"href":"https:\/\/agora.xtec.cat\/escguillemisarn\/wp-json\/wp\/v2\/posts\/2757","targetHints":{"allow":["GET"]}}],"collection":[{"href":"https:\/\/agora.xtec.cat\/escguillemisarn\/wp-json\/wp\/v2\/posts"}],"about":[{"href":"https:\/\/agora.xtec.cat\/escguillemisarn\/wp-json\/wp\/v2\/types\/post"}],"author":[{"embeddable":true,"href":"https:\/\/agora.xtec.cat\/escguillemisarn\/wp-json\/wp\/v2\/users\/1"}],"replies":[{"embeddable":true,"href":"https:\/\/agora.xtec.cat\/escguillemisarn\/wp-json\/wp\/v2\/comments?post=2757"}],"version-history":[{"count":2,"href":"https:\/\/agora.xtec.cat\/escguillemisarn\/wp-json\/wp\/v2\/posts\/2757\/revisions"}],"predecessor-version":[{"id":2760,"href":"https:\/\/agora.xtec.cat\/escguillemisarn\/wp-json\/wp\/v2\/posts\/2757\/revisions\/2760"}],"wp:attachment":[{"href":"https:\/\/agora.xtec.cat\/escguillemisarn\/wp-json\/wp\/v2\/media?parent=2757"}],"wp:term":[{"taxonomy":"category","embeddable":true,"href":"https:\/\/agora.xtec.cat\/escguillemisarn\/wp-json\/wp\/v2\/categories?post=2757"},{"taxonomy":"post_tag","embeddable":true,"href":"https:\/\/agora.xtec.cat\/escguillemisarn\/wp-json\/wp\/v2\/tags?post=2757"}],"curies":[{"name":"wp","href":"https:\/\/api.w.org\/{rel}","templated":true}]}}