{"id":2754,"date":"2023-04-14T11:03:58","date_gmt":"2023-04-14T09:03:58","guid":{"rendered":"https:\/\/agora.xtec.cat\/escguillemisarn\/?p=2754"},"modified":"2023-11-07T10:52:54","modified_gmt":"2023-11-07T09:52:54","slug":"per-una-nova-educacio-laula-sensorial","status":"publish","type":"post","link":"https:\/\/agora.xtec.cat\/escguillemisarn\/general\/per-una-nova-educacio-laula-sensorial\/","title":{"rendered":"Per una nova educaci\u00f3, l&#8217;AULA SENSORIAL !"},"content":{"rendered":"<p>E<a href=\"https:\/\/agora.xtec.cat\/escguillemisarn\/wp-content\/uploads\/usu1631\/2023\/04\/26354235_213514819217119_5887615248952721408_n.jpg\"><img loading=\"lazy\" decoding=\"async\" class=\"wp-image-2755 alignleft\" src=\"https:\/\/agora.xtec.cat\/escguillemisarn\/wp-content\/uploads\/usu1631\/2023\/04\/26354235_213514819217119_5887615248952721408_n.jpg\" alt=\"\" width=\"212\" height=\"212\" srcset=\"https:\/\/agora.xtec.cat\/escguillemisarn\/wp-content\/uploads\/usu1631\/2023\/04\/26354235_213514819217119_5887615248952721408_n.jpg 640w, https:\/\/agora.xtec.cat\/escguillemisarn\/wp-content\/uploads\/usu1631\/2023\/04\/26354235_213514819217119_5887615248952721408_n-300x300.jpg 300w, https:\/\/agora.xtec.cat\/escguillemisarn\/wp-content\/uploads\/usu1631\/2023\/04\/26354235_213514819217119_5887615248952721408_n-150x150.jpg 150w\" sizes=\"auto, (max-width: 212px) 100vw, 212px\" \/><\/a>l m\u00f3n educatiu est\u00e0 en constants canvis. Canvis que venen per a b\u00e9, per a millorar, per educar. Amb aquesta manera de pensar l&#8217;Escola Guillem Isarn ha volgut crear una aula sensorial. Amb material divers, amb material Montessori, amb llum, amb llum negra, &#8230; Materials manipulatius que permetin metodologies actives per a l&#8217;alumnat de l&#8217;escola. Les taules de llum, la sorra m\u00e0gica, els miralls, la fusta com a material noble, els minimons, els tubs de llum negra, les bee-bots, els Lego, la rob\u00f2tica &#8230; permetran treballar amb tot l&#8217;alumnat de l&#8217;escola d&#8217;una forma integral i significativa.<\/p>\n<p>L&#8217;escola ha fet un esfor\u00e7 en pensar aquesta aula, en quins materials hi hauria d&#8217;haver-hi, en com distribuir-los i sobretot, quina funcionalitat li donar\u00edem a cada curs, a cada cicle, a cada etapa. Finalment, s&#8217;ha aconseguit transformar una classe per transformar l&#8217;educaci\u00f3.<\/p>\n<p>Aqu\u00ed us deixem l&#8217;enlla\u00e7 per veure les primers fotos:\u00a0<a href=\"https:\/\/photos.app.goo.gl\/M2woykoqcPASEjru6\">https:\/\/photos.app.goo.gl\/M2woykoqcPASEjru6<\/a><\/p>\n<p>I aqu\u00ed l&#8217;enlla\u00e7 del reportatge que ens ha fet Lleida TV:\u00a0<a href=\"https:\/\/urgelltv.cat\/ca\/turisme\/urgelltv\/destacada\/48168\/lescola-de-la-fuliola-estrena-una-aula-sensorial-i-preveu-crear-un-nou-laboratori\/5539.html\">https:\/\/urgelltv.cat\/ca\/turisme\/urgelltv\/destacada\/48168\/lescola-de-la-fuliola-estrena-una-aula-sensorial-i-preveu-crear-un-nou-laboratori\/5539.html<\/a><\/p>\n<p>#somguillemisarn<\/p>\n<p>#sominnovaci\u00f3<\/p>\n<p>#sominclusi\u00f3<\/p>\n<p>#somactius<\/p>\n","protected":false},"excerpt":{"rendered":"<p>E<a href=\"https:\/\/agora.xtec.cat\/escguillemisarn\/wp-content\/uploads\/usu1631\/2023\/04\/26354235_213514819217119_5887615248952721408_n.jpg\"><\/a>l m\u00f3n educatiu est\u00e0 en constants canvis. Canvis que venen per a b\u00e9, per a millorar, per educar. Amb aquesta manera de pensar l&#8217;Escola Guillem Isarn ha volgut crear una aula sensorial. Amb material divers, amb material Montessori, amb llum, amb llum negra, &#8230;&hellip;  <a href=\"https:\/\/agora.xtec.cat\/escguillemisarn\/general\/per-una-nova-educacio-laula-sensorial\/\" title=\"Read Per una nova educaci\u00f3, l&#8217;AULA SENSORIAL !\">Llegeix m\u00e9s\u00bb<\/a><\/p>\n","protected":false},"author":1,"featured_media":0,"comment_status":"open","ping_status":"closed","sticky":false,"template":"","format":"standard","meta":{"_bbp_topic_count":0,"_bbp_reply_count":0,"_bbp_total_topic_count":0,"_bbp_total_reply_count":0,"_bbp_voice_count":0,"_bbp_anonymous_reply_count":0,"_bbp_topic_count_hidden":0,"_bbp_reply_count_hidden":0,"_bbp_forum_subforum_count":0,"footnotes":""},"categories":[71,72,73,1,2,4,5,80],"tags":[],"class_list":["post-2754","post","type-post","status-publish","format-standard","hentry","category-ci","category-cm","category-cs","category-general","category-infantil","category-portada","category-primaria","category-racons"],"post_mailing_queue_ids":[],"_links":{"self":[{"href":"https:\/\/agora.xtec.cat\/escguillemisarn\/wp-json\/wp\/v2\/posts\/2754","targetHints":{"allow":["GET"]}}],"collection":[{"href":"https:\/\/agora.xtec.cat\/escguillemisarn\/wp-json\/wp\/v2\/posts"}],"about":[{"href":"https:\/\/agora.xtec.cat\/escguillemisarn\/wp-json\/wp\/v2\/types\/post"}],"author":[{"embeddable":true,"href":"https:\/\/agora.xtec.cat\/escguillemisarn\/wp-json\/wp\/v2\/users\/1"}],"replies":[{"embeddable":true,"href":"https:\/\/agora.xtec.cat\/escguillemisarn\/wp-json\/wp\/v2\/comments?post=2754"}],"version-history":[{"count":2,"href":"https:\/\/agora.xtec.cat\/escguillemisarn\/wp-json\/wp\/v2\/posts\/2754\/revisions"}],"predecessor-version":[{"id":2997,"href":"https:\/\/agora.xtec.cat\/escguillemisarn\/wp-json\/wp\/v2\/posts\/2754\/revisions\/2997"}],"wp:attachment":[{"href":"https:\/\/agora.xtec.cat\/escguillemisarn\/wp-json\/wp\/v2\/media?parent=2754"}],"wp:term":[{"taxonomy":"category","embeddable":true,"href":"https:\/\/agora.xtec.cat\/escguillemisarn\/wp-json\/wp\/v2\/categories?post=2754"},{"taxonomy":"post_tag","embeddable":true,"href":"https:\/\/agora.xtec.cat\/escguillemisarn\/wp-json\/wp\/v2\/tags?post=2754"}],"curies":[{"name":"wp","href":"https:\/\/api.w.org\/{rel}","templated":true}]}}