{"id":2747,"date":"2023-03-31T09:05:40","date_gmt":"2023-03-31T07:05:40","guid":{"rendered":"https:\/\/agora.xtec.cat\/escguillemisarn\/?p=2747"},"modified":"2023-03-31T09:05:54","modified_gmt":"2023-03-31T07:05:54","slug":"la-mona-2023","status":"publish","type":"post","link":"https:\/\/agora.xtec.cat\/escguillemisarn\/general\/la-mona-2023\/","title":{"rendered":"La Mona 2023"},"content":{"rendered":"<p><a href=\"https:\/\/agora.xtec.cat\/escguillemisarn\/wp-content\/uploads\/usu1631\/2023\/03\/MonaPasqua-1024x922-1024x922-1.jpg\"><img loading=\"lazy\" decoding=\"async\" class=\"wp-image-2748 alignleft\" src=\"https:\/\/agora.xtec.cat\/escguillemisarn\/wp-content\/uploads\/usu1631\/2023\/03\/MonaPasqua-1024x922-1024x922-1.jpg\" alt=\"\" width=\"244\" height=\"220\" srcset=\"https:\/\/agora.xtec.cat\/escguillemisarn\/wp-content\/uploads\/usu1631\/2023\/03\/MonaPasqua-1024x922-1024x922-1.jpg 1024w, https:\/\/agora.xtec.cat\/escguillemisarn\/wp-content\/uploads\/usu1631\/2023\/03\/MonaPasqua-1024x922-1024x922-1-300x270.jpg 300w, https:\/\/agora.xtec.cat\/escguillemisarn\/wp-content\/uploads\/usu1631\/2023\/03\/MonaPasqua-1024x922-1024x922-1-768x692.jpg 768w\" sizes=\"auto, (max-width: 244px) 100vw, 244px\" \/><\/a>S&#8217;acaba el segon trimestre i aix\u00f2 \u00e9s sin\u00f2nim de&#8230; fer la mona!<\/p>\n<p>Despr\u00e9s d&#8217;uns anys de restriccions, torna l&#8217;elaboraci\u00f3 de les tradicionals mones en tota la seva plenitud a les aules de la nostra escola. L&#8217;alumnat ha elaborat la mona que ens hem menjat a la tarda al camp de futbol de La Fuliola. Durant el mat\u00ed hem hagut de transformar-nos en uns veritables pastissers i pastisseres, utilitzant tots els ingredients que calen per a la seva elaboraci\u00f3 i a la tarda, despr\u00e9s d&#8217;una bona estona de jocs i gimcana, hem pogut assaborir aquestes mones tan bones que hem fet.<\/p>\n<p>Si voleu veure unes fotos, aqu\u00ed us les deixem:\u00a0<a href=\"https:\/\/photos.app.goo.gl\/AuHqeUV4UcoYcQ7K7\">https:\/\/photos.app.goo.gl\/AuHqeUV4UcoYcQ7K7<\/a><\/p>\n<p>Aprofitem per desitjar-vos molt bones vacances de primavera!<\/p>\n","protected":false},"excerpt":{"rendered":"<p><a href=\"https:\/\/agora.xtec.cat\/escguillemisarn\/wp-content\/uploads\/usu1631\/2023\/03\/MonaPasqua-1024x922-1024x922-1.jpg\"><\/a>S&#8217;acaba el segon trimestre i aix\u00f2 \u00e9s sin\u00f2nim de&#8230; fer la mona!<br \/>\nDespr\u00e9s d&#8217;uns anys de restriccions, torna l&#8217;elaboraci\u00f3 de les tradicionals mones en tota la seva plenitud a les aules de la nostra escola. L&#8217;alumnat ha elaborat la mona que ens hem menjat a&hellip;  <a href=\"https:\/\/agora.xtec.cat\/escguillemisarn\/general\/la-mona-2023\/\" title=\"Read La Mona 2023\">Llegeix m\u00e9s\u00bb<\/a><\/p>\n","protected":false},"author":1,"featured_media":0,"comment_status":"open","ping_status":"closed","sticky":false,"template":"","format":"standard","meta":{"_bbp_topic_count":0,"_bbp_reply_count":0,"_bbp_total_topic_count":0,"_bbp_total_reply_count":0,"_bbp_voice_count":0,"_bbp_anonymous_reply_count":0,"_bbp_topic_count_hidden":0,"_bbp_reply_count_hidden":0,"_bbp_forum_subforum_count":0,"footnotes":""},"categories":[71,72,73,1,2,4,5],"tags":[],"class_list":["post-2747","post","type-post","status-publish","format-standard","hentry","category-ci","category-cm","category-cs","category-general","category-infantil","category-portada","category-primaria"],"post_mailing_queue_ids":[],"_links":{"self":[{"href":"https:\/\/agora.xtec.cat\/escguillemisarn\/wp-json\/wp\/v2\/posts\/2747","targetHints":{"allow":["GET"]}}],"collection":[{"href":"https:\/\/agora.xtec.cat\/escguillemisarn\/wp-json\/wp\/v2\/posts"}],"about":[{"href":"https:\/\/agora.xtec.cat\/escguillemisarn\/wp-json\/wp\/v2\/types\/post"}],"author":[{"embeddable":true,"href":"https:\/\/agora.xtec.cat\/escguillemisarn\/wp-json\/wp\/v2\/users\/1"}],"replies":[{"embeddable":true,"href":"https:\/\/agora.xtec.cat\/escguillemisarn\/wp-json\/wp\/v2\/comments?post=2747"}],"version-history":[{"count":1,"href":"https:\/\/agora.xtec.cat\/escguillemisarn\/wp-json\/wp\/v2\/posts\/2747\/revisions"}],"predecessor-version":[{"id":2749,"href":"https:\/\/agora.xtec.cat\/escguillemisarn\/wp-json\/wp\/v2\/posts\/2747\/revisions\/2749"}],"wp:attachment":[{"href":"https:\/\/agora.xtec.cat\/escguillemisarn\/wp-json\/wp\/v2\/media?parent=2747"}],"wp:term":[{"taxonomy":"category","embeddable":true,"href":"https:\/\/agora.xtec.cat\/escguillemisarn\/wp-json\/wp\/v2\/categories?post=2747"},{"taxonomy":"post_tag","embeddable":true,"href":"https:\/\/agora.xtec.cat\/escguillemisarn\/wp-json\/wp\/v2\/tags?post=2747"}],"curies":[{"name":"wp","href":"https:\/\/api.w.org\/{rel}","templated":true}]}}