{"id":2728,"date":"2023-03-22T17:29:15","date_gmt":"2023-03-22T16:29:15","guid":{"rendered":"https:\/\/agora.xtec.cat\/escguillemisarn\/?p=2728"},"modified":"2023-03-28T09:05:42","modified_gmt":"2023-03-28T07:05:42","slug":"concurs-de-lectura-en-veu-alta","status":"publish","type":"post","link":"https:\/\/agora.xtec.cat\/escguillemisarn\/general\/concurs-de-lectura-en-veu-alta\/","title":{"rendered":"CONCURS DE LECTURA EN VEU ALTA"},"content":{"rendered":"<p><a href=\"https:\/\/agora.xtec.cat\/escguillemisarn\/wp-content\/uploads\/usu1631\/2023\/03\/veu-alta-escolar.png\"><img loading=\"lazy\" decoding=\"async\" class=\"size-full wp-image-2729 aligncenter\" src=\"https:\/\/agora.xtec.cat\/escguillemisarn\/wp-content\/uploads\/usu1631\/2023\/03\/veu-alta-escolar.png\" alt=\"\" width=\"504\" height=\"160\" srcset=\"https:\/\/agora.xtec.cat\/escguillemisarn\/wp-content\/uploads\/usu1631\/2023\/03\/veu-alta-escolar.png 504w, https:\/\/agora.xtec.cat\/escguillemisarn\/wp-content\/uploads\/usu1631\/2023\/03\/veu-alta-escolar-300x95.png 300w\" sizes=\"auto, (max-width: 504px) 100vw, 504px\" \/><\/a><\/p>\n<p>Aquest mat\u00ed hem assistit a la semifinal del Certamen de lectura en veu alta de la comarca de l&#8217;Urgell, que ha tingut lloc al teatre Ateneu de T\u00e0rrega. Aquest concurs \u00e9s una iniciativa de la Fundaci\u00f3 Enciclop\u00e8dia Catalana junt amb el Departament d\u2019Educaci\u00f3 de la Generalitat de Catalunya i t\u00e9 com a missi\u00f3 el foment de la llengua i cultura catalanes i concretament promoure l\u2019h\u00e0bit lector entre els infants i joves.<\/p>\n<p>En el Certamen hi han participat dues alumnes de la nostra escola, la Martina Mart\u00ednez, en representaci\u00f3 de Cicle Mitj\u00e0, i la Marina Saura de Cicle Superior.\u00a0Des de l&#8217;escola volem donar l&#8217;enhorabona a ambdues alumnes per la seva participaci\u00f3, implicaci\u00f3 i bon saber fer. Ha sigut un plaer escoltar-les llegir, han mostrat ser unes grans lectores. Enhorabona noies per arribar fins aqu\u00ed!<\/p>\n<p>Us deixem unes imatges.<\/p>\n<p><a href=\"https:\/\/photos.app.goo.gl\/fvDRPNkkc5w5pv3p6\">https:\/\/photos.app.goo.gl\/fvDRPNkkc5w5pv3p6<\/a><\/p>\n","protected":false},"excerpt":{"rendered":"<p><a href=\"https:\/\/agora.xtec.cat\/escguillemisarn\/wp-content\/uploads\/usu1631\/2023\/03\/veu-alta-escolar.png\"><\/a><br \/>\nAquest mat\u00ed hem assistit a la semifinal del Certamen de lectura en veu alta de la comarca de l&#8217;Urgell, que ha tingut lloc al teatre Ateneu de T\u00e0rrega. Aquest concurs \u00e9s una iniciativa de la Fundaci\u00f3 Enciclop\u00e8dia Catalana junt amb el Departament d\u2019Educaci\u00f3 de&hellip;  <a href=\"https:\/\/agora.xtec.cat\/escguillemisarn\/general\/concurs-de-lectura-en-veu-alta\/\" title=\"Read CONCURS DE LECTURA EN VEU ALTA\">Llegeix m\u00e9s\u00bb<\/a><\/p>\n","protected":false},"author":6,"featured_media":0,"comment_status":"open","ping_status":"closed","sticky":false,"template":"","format":"standard","meta":{"_bbp_topic_count":0,"_bbp_reply_count":0,"_bbp_total_topic_count":0,"_bbp_total_reply_count":0,"_bbp_voice_count":0,"_bbp_anonymous_reply_count":0,"_bbp_topic_count_hidden":0,"_bbp_reply_count_hidden":0,"_bbp_forum_subforum_count":0,"footnotes":""},"categories":[72,73,79,1,4,5],"tags":[],"class_list":["post-2728","post","type-post","status-publish","format-standard","hentry","category-cm","category-cs","category-foment-de-la-lectura","category-general","category-portada","category-primaria"],"post_mailing_queue_ids":[],"_links":{"self":[{"href":"https:\/\/agora.xtec.cat\/escguillemisarn\/wp-json\/wp\/v2\/posts\/2728","targetHints":{"allow":["GET"]}}],"collection":[{"href":"https:\/\/agora.xtec.cat\/escguillemisarn\/wp-json\/wp\/v2\/posts"}],"about":[{"href":"https:\/\/agora.xtec.cat\/escguillemisarn\/wp-json\/wp\/v2\/types\/post"}],"author":[{"embeddable":true,"href":"https:\/\/agora.xtec.cat\/escguillemisarn\/wp-json\/wp\/v2\/users\/6"}],"replies":[{"embeddable":true,"href":"https:\/\/agora.xtec.cat\/escguillemisarn\/wp-json\/wp\/v2\/comments?post=2728"}],"version-history":[{"count":1,"href":"https:\/\/agora.xtec.cat\/escguillemisarn\/wp-json\/wp\/v2\/posts\/2728\/revisions"}],"predecessor-version":[{"id":2730,"href":"https:\/\/agora.xtec.cat\/escguillemisarn\/wp-json\/wp\/v2\/posts\/2728\/revisions\/2730"}],"wp:attachment":[{"href":"https:\/\/agora.xtec.cat\/escguillemisarn\/wp-json\/wp\/v2\/media?parent=2728"}],"wp:term":[{"taxonomy":"category","embeddable":true,"href":"https:\/\/agora.xtec.cat\/escguillemisarn\/wp-json\/wp\/v2\/categories?post=2728"},{"taxonomy":"post_tag","embeddable":true,"href":"https:\/\/agora.xtec.cat\/escguillemisarn\/wp-json\/wp\/v2\/tags?post=2728"}],"curies":[{"name":"wp","href":"https:\/\/api.w.org\/{rel}","templated":true}]}}