{"id":2714,"date":"2023-03-16T19:46:51","date_gmt":"2023-03-16T18:46:51","guid":{"rendered":"https:\/\/agora.xtec.cat\/escguillemisarn\/?p=2714"},"modified":"2023-03-16T19:47:37","modified_gmt":"2023-03-16T18:47:37","slug":"visitem-la-comissaria-dels-mossos-desquadra","status":"publish","type":"post","link":"https:\/\/agora.xtec.cat\/escguillemisarn\/general\/visitem-la-comissaria-dels-mossos-desquadra\/","title":{"rendered":"VISITEM LA COMISSARIA DELS MOSSOS D&#8217;ESQUADRA!!!"},"content":{"rendered":"<p>&nbsp;<\/p>\n<p style=\"font-family: 'Helvetica Neue', Helvetica, Helvetica, Arial, sans-serif; font-size: 16px;\"><img loading=\"lazy\" decoding=\"async\" class=\" wp-image-2715 alignright\" src=\"https:\/\/agora.xtec.cat\/escguillemisarn\/wp-content\/uploads\/usu1631\/2023\/03\/comissaria.jpg\" alt=\"\" width=\"398\" height=\"265\" \/><\/p>\n<p>Els i les alumnes de 2n i 6\u00e8, hem visitat la comissaria dels mossos d&#8217;esquadra de T\u00e0rrega.<\/p>\n<p><span style=\"font-family: inherit; font-size: 1em;\">Gr\u00e0cies a l&#8217;Encarna,\u00a0 hem pogut descobrir de molt a prop la seva feina. Ens ha ensenyat l&#8217;espai on treballen <\/span>dia a dia, ens ha explicat quines unitats formen el cos de mossos d&#8217;esquadra a trav\u00e9s d&#8217;un curtmetratge divertit i, sobretot, ens ha encantat poder veure els vehicles fant\u00e0stics que condueixen! Tamb\u00e9 hem pogut veure i tocar alguns dels estris que porten al cintur\u00f3 aix\u00ed com l&#8217;armilla antibales.<\/p>\n<p>Molt\u00edssimes gr\u00e0cies, Encarna!!!<\/p>\n<p>&nbsp;<\/p>\n<p><a href=\"https:\/\/photos.app.goo.gl\/DfJTC7D9ujfmZjCR8\">https:\/\/photos.app.goo.gl\/DfJTC7D9ujfmZjCR8<\/a><\/p>\n","protected":false},"excerpt":{"rendered":"<p>&nbsp;<\/p>\n<p>Els i les alumnes de 2n i 6\u00e8, hem visitat la comissaria dels mossos d&#8217;esquadra de T\u00e0rrega.<br \/>\nGr\u00e0cies a l&#8217;Encarna,\u00a0 hem pogut descobrir de molt a prop la seva feina. Ens ha ensenyat l&#8217;espai on treballen dia a dia, ens ha explicat quines unitats formen el&hellip;  <a href=\"https:\/\/agora.xtec.cat\/escguillemisarn\/general\/visitem-la-comissaria-dels-mossos-desquadra\/\" title=\"Read VISITEM LA COMISSARIA DELS MOSSOS D&#8217;ESQUADRA!!!\">Llegeix m\u00e9s\u00bb<\/a><\/p>\n","protected":false},"author":13,"featured_media":2715,"comment_status":"open","ping_status":"closed","sticky":false,"template":"","format":"standard","meta":{"_bbp_topic_count":0,"_bbp_reply_count":0,"_bbp_total_topic_count":0,"_bbp_total_reply_count":0,"_bbp_voice_count":0,"_bbp_anonymous_reply_count":0,"_bbp_topic_count_hidden":0,"_bbp_reply_count_hidden":0,"_bbp_forum_subforum_count":0,"footnotes":""},"categories":[71,73,1,4,5],"tags":[],"class_list":["post-2714","post","type-post","status-publish","format-standard","has-post-thumbnail","hentry","category-ci","category-cs","category-general","category-portada","category-primaria"],"post_mailing_queue_ids":[],"_links":{"self":[{"href":"https:\/\/agora.xtec.cat\/escguillemisarn\/wp-json\/wp\/v2\/posts\/2714","targetHints":{"allow":["GET"]}}],"collection":[{"href":"https:\/\/agora.xtec.cat\/escguillemisarn\/wp-json\/wp\/v2\/posts"}],"about":[{"href":"https:\/\/agora.xtec.cat\/escguillemisarn\/wp-json\/wp\/v2\/types\/post"}],"author":[{"embeddable":true,"href":"https:\/\/agora.xtec.cat\/escguillemisarn\/wp-json\/wp\/v2\/users\/13"}],"replies":[{"embeddable":true,"href":"https:\/\/agora.xtec.cat\/escguillemisarn\/wp-json\/wp\/v2\/comments?post=2714"}],"version-history":[{"count":3,"href":"https:\/\/agora.xtec.cat\/escguillemisarn\/wp-json\/wp\/v2\/posts\/2714\/revisions"}],"predecessor-version":[{"id":2720,"href":"https:\/\/agora.xtec.cat\/escguillemisarn\/wp-json\/wp\/v2\/posts\/2714\/revisions\/2720"}],"wp:featuredmedia":[{"embeddable":true,"href":"https:\/\/agora.xtec.cat\/escguillemisarn\/wp-json\/wp\/v2\/media\/2715"}],"wp:attachment":[{"href":"https:\/\/agora.xtec.cat\/escguillemisarn\/wp-json\/wp\/v2\/media?parent=2714"}],"wp:term":[{"taxonomy":"category","embeddable":true,"href":"https:\/\/agora.xtec.cat\/escguillemisarn\/wp-json\/wp\/v2\/categories?post=2714"},{"taxonomy":"post_tag","embeddable":true,"href":"https:\/\/agora.xtec.cat\/escguillemisarn\/wp-json\/wp\/v2\/tags?post=2714"}],"curies":[{"name":"wp","href":"https:\/\/api.w.org\/{rel}","templated":true}]}}